{"id":1529,"date":"2018-05-12T08:30:27","date_gmt":"2018-05-12T06:30:27","guid":{"rendered":"https:\/\/ecolozen.com\/fr\/?p=1529"},"modified":"2018-05-11T15:01:46","modified_gmt":"2018-05-11T13:01:46","slug":"etendre-le-linge","status":"publish","type":"post","link":"https:\/\/ecolozen.com\/fr\/astuces\/etendre-le-linge\/","title":{"rendered":"Etendre le linge"},"content":{"rendered":"<p>Je me souviens de la remarque de mon ex Am\u00e9ricaine qui trouvait \u00ab\u00a0mignon tous ces fran\u00e7ais qui \u00e9tendent leur linge au lieu de le mettre dans un s\u00e8che-linge comme aux Etats-Unis\u00a0\u00bb. A l&rsquo;\u00e9poque j&rsquo;avais trouv\u00e9 \u00e7a g\u00e9nial de passer au s\u00e8che linge&#8230; Avant de r\u00e9aliser que \u00e7a consommait un max, et qu&rsquo;en plus \u00e7a usait les habits plus vite. Moralit\u00e9 ? Etendre son linge ne nous met pas au rang de pays en voie de d\u00e9veloppement, mais plut\u00f4t en tant que \u00ab\u00a0visionnaires\u00a0\u00bb de ce qui devrait \u00eatre notre pr\u00e9sent et notre futur.<\/p>\n<p><!--more--><\/p>\n<h2>Pourquoi \u00e9tendre son linge<\/h2>\n<p><img loading=\"lazy\" class=\"aligncenter size-large wp-image-1542\" src=\"https:\/\/ecolozen.com\/fr\/wp-content\/uploads\/2018\/05\/economies-e\u0301tendre-son-linge-1024x683.jpg\" alt=\"\" width=\"840\" height=\"560\" srcset=\"https:\/\/ecolozen.com\/fr\/wp-content\/uploads\/2018\/05\/economies-e\u0301tendre-son-linge-1024x683.jpg 1024w, https:\/\/ecolozen.com\/fr\/wp-content\/uploads\/2018\/05\/economies-e\u0301tendre-son-linge-300x200.jpg 300w, https:\/\/ecolozen.com\/fr\/wp-content\/uploads\/2018\/05\/economies-e\u0301tendre-son-linge-768x512.jpg 768w, https:\/\/ecolozen.com\/fr\/wp-content\/uploads\/2018\/05\/economies-e\u0301tendre-son-linge-1200x800.jpg 1200w, https:\/\/ecolozen.com\/fr\/wp-content\/uploads\/2018\/05\/economies-e\u0301tendre-son-linge.jpg 1920w\" sizes=\"(max-width: 709px) 85vw, (max-width: 909px) 67vw, (max-width: 1362px) 62vw, 840px\" \/><\/p>\n<blockquote><p>350 kWh\/an d&rsquo;\u00e9conomies d&rsquo;\u00e9nergie par an<\/p><\/blockquote>\n<p>D&rsquo;apr\u00e8s une \u00e9tude de l&rsquo;<a href=\"http:\/\/www.ademe.fr\/particuliers-eco-citoyens\/habitation\/bien-gerer-habitat\/equipements-electriques-logements\" target=\"_blank\" rel=\"noopener\">ADEME<\/a>. En co\u00fbt en France cela repr\u00e9sente environ 52 \u20ac d&rsquo;\u00e9conomis\u00e9s par an.<\/p>\n<blockquote><p>100 \u20ac\/an d&rsquo;\u00e9conomis\u00e9s par an<\/p><\/blockquote>\n<p>50\u20ac\/an en \u00e9lectricit\u00e9 + 50 \u20ac d&rsquo;achat (prix moyen d&rsquo;un s\u00e8che linge de 500 \u20ac, amorti sur 10 ans)<\/p>\n<p><strong>Autres avantages :<\/strong><\/p>\n<ul>\n<li>Une d<strong>urabilit\u00e9<\/strong> des v\u00eatements (donc encore des \u00e9conomies d&rsquo;argent). En particulier les jeans qui n&rsquo;aiment pas les hautes temp\u00e9ratures de s\u00e9chage.<\/li>\n<li>Un <strong>espace<\/strong> de 0,5 m2 au sol d&rsquo;\u00e9conomis\u00e9<\/li>\n<li>Une s\u00e9ance de <strong>m\u00e9ditation gratuite<\/strong> :\u00a0\u00e9tendre, c&rsquo;est se d\u00e9tendre (combien de probl\u00e8mes de travail ou autres n&rsquo;ai-je pas r\u00e9solu pendant cette \u00ab\u00a0s\u00e9ance\u00a0\u00bb d&rsquo;\u00e9tendage ?)<\/li>\n<\/ul>\n<h2>Comment \u00e9tendre son linge au mieux<\/h2>\n<h3>Faire s\u00e9cher son linge \u00e0 l&rsquo;ext\u00e9rieur<\/h3>\n<p>Rien de sorcier, il suffit d&rsquo;un <a href=\"https:\/\/amzn.to\/2FYGVaF\" target=\"_blank\" rel=\"noopener\">fil \u00e0 linge<\/a> et de pinces \u00e0 linge. Pour ces derni\u00e8res je vous conseille vraiment \u00ab\u00a0d&rsquo;investir\u00a0\u00bb dans des<a href=\"https:\/\/amzn.to\/2I5FDwa\" target=\"_blank\" rel=\"noopener\"> pinces en inox<\/a>\u00a0 car celles en plastique ne durent pas, en particulier en cas de s\u00e9chage \u00e0 l&rsquo;ext\u00e9rieur l\u00e0 o\u00f9 le soleil peut les alt\u00e9rer.<\/p>\n<p>Autre petit conseil : s&rsquo;il fait chaud et sec, privil\u00e9giez la fin de journ\u00e9e pour accrocher le linge afin que le soleil ne les dess\u00e8che pas compl\u00e8tement, et ainsi \u00e9viter qu&rsquo;ils soient trop r\u00eaches.<\/p>\n<h3>Faire s\u00e9cher son linge \u00e0 l&rsquo;int\u00e9rieur<\/h3>\n<p><img loading=\"lazy\" class=\"aligncenter size-large wp-image-1544\" src=\"https:\/\/ecolozen.com\/fr\/wp-content\/uploads\/2018\/05\/se\u0301cher-le-linge-en-hiver-1024x683.jpg\" alt=\"\" width=\"840\" height=\"560\" srcset=\"https:\/\/ecolozen.com\/fr\/wp-content\/uploads\/2018\/05\/se\u0301cher-le-linge-en-hiver-1024x683.jpg 1024w, https:\/\/ecolozen.com\/fr\/wp-content\/uploads\/2018\/05\/se\u0301cher-le-linge-en-hiver-300x200.jpg 300w, https:\/\/ecolozen.com\/fr\/wp-content\/uploads\/2018\/05\/se\u0301cher-le-linge-en-hiver-768x512.jpg 768w, https:\/\/ecolozen.com\/fr\/wp-content\/uploads\/2018\/05\/se\u0301cher-le-linge-en-hiver-1200x800.jpg 1200w, https:\/\/ecolozen.com\/fr\/wp-content\/uploads\/2018\/05\/se\u0301cher-le-linge-en-hiver.jpg 1920w\" sizes=\"(max-width: 709px) 85vw, (max-width: 909px) 67vw, (max-width: 1362px) 62vw, 840px\" \/><\/p>\n<p>En hiver, en particulier en appartement, s\u00e9cher \u00e0 l&rsquo;air libre n&rsquo;est pas aussi pratique qu&rsquo;au printemps ou en \u00e9t\u00e9 et il faut avoir recours \u00e0 <a href=\"https:\/\/amzn.to\/2ruzZxw\" target=\"_blank\" rel=\"noopener\">un s\u00e9choir \u00e0 linge<\/a>. Voici quelques conseils pour vous simplifier la vie<\/p>\n<ul>\n<li>En hiver \u00e0 l&rsquo;int\u00e9rieur, au contraire de l&rsquo;\u00e9t\u00e9, mieux vaut faire les machines le matin afin de profiter de la chaleur de la journ\u00e9e<\/li>\n<li>Placez le\u00a0s\u00e9choir \u00e0 linge pr\u00e8s d&rsquo;un radiateur, en le retournant apr\u00e8s quelques heures. A d\u00e9faut de radiateur accessible, mettez le linge pr\u00e8s de la fen\u00eatre si vous \u00eates orient\u00e9 est\/sud\/ouest afin que les rayons du soleil aident au s\u00e9chage.<\/li>\n<li>Pour les grandes familles avec de petites surfaces d&rsquo;appartement, on pourra opter pour un <a href=\"https:\/\/amzn.to\/2KOw5aT\" target=\"_blank\" rel=\"noopener\">\u00e9tendoir \u00e0 plafond<\/a>\u00a0qui fait \u00e9conomiser pas mal de place.<\/li>\n<li>Anticipez ! Faites les machines d&rsquo;avance avant d&rsquo;avoir besoin du linge. Si vous commencez \u00e0 laver le linge pour le jour m\u00eame, difficile de se passer de s\u00e9choir \u00e9lectrique&#8230;<\/li>\n<\/ul>\n<p>&nbsp;<\/p>\n<h2>Alternatives au s\u00e9choir \u00e0 linge<\/h2>\n<h3>Un s\u00e8che-linge \u00e9lectrique \u00e9conomique<\/h3>\n<p>Si vous optez malgr\u00e9 tout pour un s\u00e8che linge \u00e9lectrique, privil\u00e9giez un <a href=\"https:\/\/amzn.to\/2FYGJbh\" target=\"_blank\" rel=\"noopener\">s\u00e8che-linge \u00e0 pompe \u00e0 chaleur<\/a> plut\u00f4t que \u00ab\u00a0traditionnels\u00a0\u00bb \u00e0 condensation ou \u00e9vacuation. Pour un prix d&rsquo;achat sup\u00e9rieur,\u00a0 vous \u00e9conomiserez environ 50% de l&rsquo;\u00e9nergie (soit l&rsquo;\u00e9quivalent\u00a0 de 250 \u20ac d&rsquo;\u00e9conomis\u00e9s en \u00e9nergie au bout de 10 ans). Un s\u00e8che-linge \u00e0 pompe \u00e0 chaleur est donc moins cher sur le long terme que les mod\u00e8les traditionnels.<\/p>\n<h2>S\u00e9cher la nuit<\/h2>\n<p>Quitte \u00e0 avoir un s\u00e9choir \u00e0 linge, il vaut mieux <a href=\"\/fr\/astuces\/consommer-l-electricite-la-nuit\/\" target=\"_blank\" rel=\"noopener\">consommer l&rsquo;\u00e9lectricit\u00e9 la nuit<\/a>\u00a0comme je l&rsquo;explique dans un de mes articles.<\/p>\n<h3>Aller en laverie<\/h3>\n<p><img loading=\"lazy\" class=\"aligncenter size-large wp-image-1543\" src=\"https:\/\/ecolozen.com\/fr\/wp-content\/uploads\/2018\/05\/laverie-1024x861.jpg\" alt=\"\" width=\"840\" height=\"706\" srcset=\"https:\/\/ecolozen.com\/fr\/wp-content\/uploads\/2018\/05\/laverie-1024x861.jpg 1024w, https:\/\/ecolozen.com\/fr\/wp-content\/uploads\/2018\/05\/laverie-300x252.jpg 300w, https:\/\/ecolozen.com\/fr\/wp-content\/uploads\/2018\/05\/laverie-768x646.jpg 768w, https:\/\/ecolozen.com\/fr\/wp-content\/uploads\/2018\/05\/laverie-1200x1009.jpg 1200w, https:\/\/ecolozen.com\/fr\/wp-content\/uploads\/2018\/05\/laverie.jpg 1920w\" sizes=\"(max-width: 709px) 85vw, (max-width: 909px) 67vw, (max-width: 1362px) 62vw, 840px\" \/><\/p>\n<p>Avantage : cela vous \u00e9vitera carr\u00e9ment d&rsquo;acheter un lave-linge et un s\u00e8che linge ! De plus, mon intuition me dit que les s\u00e8che-linges industriels sont plus optimis\u00e9s d&rsquo;un point de vue \u00e9nergie (\u00e0 confirmer, je n&rsquo;ai pas v\u00e9rifi\u00e9).<\/p>\n<h2>Pour finir&#8230;<\/h2>\n<p>Evidemment la question du s\u00e8che ligne ne se pose pas si vous lavez plus vos v\u00eatements, comme dans l&rsquo;excellent film \u00ab\u00a0Les Apprentis\u00a0\u00bb \ud83d\ude00<\/p>\n<p><iframe loading=\"lazy\" width=\"840\" height=\"630\" src=\"https:\/\/www.youtube.com\/embed\/ivGWhgtelWg?feature=oembed\" frameborder=\"0\" allow=\"autoplay; encrypted-media\" allowfullscreen><\/iframe><\/p>\n<p>&nbsp;<\/p>\n<p>&nbsp;<\/p>\n<p>&nbsp;<\/p>\n<p>&nbsp;<\/p>\n<p>&nbsp;<\/p>\n<h2>Vos s\u00e9choirs \u00e0 linge ?<\/h2>\n<p>Si vous avez des conseils ou des photos d&rsquo;installation originales, faites tourner !<\/p>\n<p>&nbsp;<\/p>\n","protected":false},"excerpt":{"rendered":"<p>Je me souviens de la remarque de mon ex Am\u00e9ricaine qui trouvait \u00ab\u00a0mignon tous ces fran\u00e7ais qui \u00e9tendent leur linge au lieu de le mettre dans un s\u00e8che-linge comme aux Etats-Unis\u00a0\u00bb. A l&rsquo;\u00e9poque j&rsquo;avais trouv\u00e9 \u00e7a g\u00e9nial de passer au s\u00e8che linge&#8230; Avant de r\u00e9aliser que \u00e7a consommait un max, et qu&rsquo;en plus \u00e7a usait &hellip; <a href=\"https:\/\/ecolozen.com\/fr\/astuces\/etendre-le-linge\/\" class=\"more-link\">Continuer la lecture<span class=\"screen-reader-text\"> de &laquo;&nbsp;Etendre le linge&nbsp;&raquo;<\/span><\/a><\/p>\n","protected":false},"author":1,"featured_media":1537,"comment_status":"open","ping_status":"closed","sticky":false,"template":"","format":"standard","meta":[],"categories":[6],"tags":[],"_links":{"self":[{"href":"https:\/\/ecolozen.com\/fr\/wp-json\/wp\/v2\/posts\/1529"}],"collection":[{"href":"https:\/\/ecolozen.com\/fr\/wp-json\/wp\/v2\/posts"}],"about":[{"href":"https:\/\/ecolozen.com\/fr\/wp-json\/wp\/v2\/types\/post"}],"author":[{"embeddable":true,"href":"https:\/\/ecolozen.com\/fr\/wp-json\/wp\/v2\/users\/1"}],"replies":[{"embeddable":true,"href":"https:\/\/ecolozen.com\/fr\/wp-json\/wp\/v2\/comments?post=1529"}],"version-history":[{"count":15,"href":"https:\/\/ecolozen.com\/fr\/wp-json\/wp\/v2\/posts\/1529\/revisions"}],"predecessor-version":[{"id":1548,"href":"https:\/\/ecolozen.com\/fr\/wp-json\/wp\/v2\/posts\/1529\/revisions\/1548"}],"wp:featuredmedia":[{"embeddable":true,"href":"https:\/\/ecolozen.com\/fr\/wp-json\/wp\/v2\/media\/1537"}],"wp:attachment":[{"href":"https:\/\/ecolozen.com\/fr\/wp-json\/wp\/v2\/media?parent=1529"}],"wp:term":[{"taxonomy":"category","embeddable":true,"href":"https:\/\/ecolozen.com\/fr\/wp-json\/wp\/v2\/categories?post=1529"},{"taxonomy":"post_tag","embeddable":true,"href":"https:\/\/ecolozen.com\/fr\/wp-json\/wp\/v2\/tags?post=1529"}],"curies":[{"name":"wp","href":"https:\/\/api.w.org\/{rel}","templated":true}]}}