{"id":1651,"date":"2022-07-01T09:35:00","date_gmt":"2022-07-01T07:35:00","guid":{"rendered":"https:\/\/ecolozen.com\/fr\/?p=1651"},"modified":"2023-07-05T21:01:14","modified_gmt":"2023-07-05T19:01:14","slug":"fruits-et-legumes-de-saison-en-juillet","status":"publish","type":"post","link":"https:\/\/ecolozen.com\/fr\/astuces\/fruits-et-legumes-de-saison-en-juillet\/","title":{"rendered":"Fruits et l\u00e9gumes de saison en juillet"},"content":{"rendered":"<p>Comme le dit le proverbe, \u00ab\u00a0en juillet, cuisine le mets qui te plait\u00a0\u00bb. De ratatouilles d\u00e9licieuses en fruits juteux, la palette gustative des fruits et l\u00e9gumes de juillet est \u00e0 la fois vari\u00e9e et haute en couleurs. Bon app\u00e9tit !<\/p>\n<p><!--more--><\/p>\n<h2>L\u00e9gumes de saison en juillet<\/h2>\n<h3>Encore plus de l\u00e9gumes du soleil \ud83d\ude42<\/h3>\n<p><img loading=\"lazy\" class=\"aligncenter wp-image-1658 size-large\" src=\"https:\/\/ecolozen.com\/fr\/wp-content\/uploads\/2018\/06\/2-le\u0301gumes-du-soleil-1024x606.jpg\" alt=\"\" width=\"840\" height=\"497\" srcset=\"https:\/\/ecolozen.com\/fr\/wp-content\/uploads\/2018\/06\/2-le\u0301gumes-du-soleil-1024x606.jpg 1024w, https:\/\/ecolozen.com\/fr\/wp-content\/uploads\/2018\/06\/2-le\u0301gumes-du-soleil-300x178.jpg 300w, https:\/\/ecolozen.com\/fr\/wp-content\/uploads\/2018\/06\/2-le\u0301gumes-du-soleil-768x454.jpg 768w, https:\/\/ecolozen.com\/fr\/wp-content\/uploads\/2018\/06\/2-le\u0301gumes-du-soleil-1200x710.jpg 1200w, https:\/\/ecolozen.com\/fr\/wp-content\/uploads\/2018\/06\/2-le\u0301gumes-du-soleil.jpg 1920w\" sizes=\"(max-width: 709px) 85vw, (max-width: 909px) 67vw, (max-width: 1362px) 62vw, 840px\" \/>Qui dit plus de soleil, dit plus de l\u00e9gumes du soleil ! On trouve donc de plus en plus abondamment les l\u00e9gumes \u00ab\u00a0du sud\u00a0\u00bb :<\/p>\n<ul>\n<li>aubergines<\/li>\n<li>courgettes<\/li>\n<li>poivrons<\/li>\n<li>tomates<\/li>\n<li>concombres<\/li>\n<\/ul>\n<h3>Les l\u00e9gumes verts<\/h3>\n<p><img loading=\"lazy\" class=\"aligncenter wp-image-1659 size-large\" src=\"https:\/\/ecolozen.com\/fr\/wp-content\/uploads\/2018\/06\/3-legumes-verts-1024x768.jpg\" alt=\"\" width=\"840\" height=\"630\" srcset=\"https:\/\/ecolozen.com\/fr\/wp-content\/uploads\/2018\/06\/3-legumes-verts-1024x768.jpg 1024w, https:\/\/ecolozen.com\/fr\/wp-content\/uploads\/2018\/06\/3-legumes-verts-300x225.jpg 300w, https:\/\/ecolozen.com\/fr\/wp-content\/uploads\/2018\/06\/3-legumes-verts-768x576.jpg 768w, https:\/\/ecolozen.com\/fr\/wp-content\/uploads\/2018\/06\/3-legumes-verts-1200x900.jpg 1200w, https:\/\/ecolozen.com\/fr\/wp-content\/uploads\/2018\/06\/3-legumes-verts.jpg 1920w\" sizes=\"(max-width: 709px) 85vw, (max-width: 909px) 67vw, (max-width: 1362px) 62vw, 840px\" \/>Les petits pois &#8211; consid\u00e9r\u00e9s comme des l\u00e9gumes lorsqu&rsquo;ils sont frais &#8211; ne sont pas seuls: on trouvera en effet \u00e0 ses c\u00f4t\u00e9s<\/p>\n<ul>\n<li>brocolis<\/li>\n<li>\u00e9pinards<\/li>\n<li>haricots verts et haricots beurre<\/li>\n<\/ul>\n<h3>Les salades<\/h3>\n<p><img loading=\"lazy\" class=\"aligncenter size-large wp-image-1660\" src=\"https:\/\/ecolozen.com\/fr\/wp-content\/uploads\/2018\/06\/4-salades-1024x683.jpg\" alt=\"\" width=\"840\" height=\"560\" srcset=\"https:\/\/ecolozen.com\/fr\/wp-content\/uploads\/2018\/06\/4-salades-1024x683.jpg 1024w, https:\/\/ecolozen.com\/fr\/wp-content\/uploads\/2018\/06\/4-salades-300x200.jpg 300w, https:\/\/ecolozen.com\/fr\/wp-content\/uploads\/2018\/06\/4-salades-768x512.jpg 768w, https:\/\/ecolozen.com\/fr\/wp-content\/uploads\/2018\/06\/4-salades-1200x800.jpg 1200w, https:\/\/ecolozen.com\/fr\/wp-content\/uploads\/2018\/06\/4-salades.jpg 1920w\" sizes=\"(max-width: 709px) 85vw, (max-width: 909px) 67vw, (max-width: 1362px) 62vw, 840px\" \/>Les salades sont nombreuses en juillet, parmi elles, citons en particulier diff\u00e9rents types de laitue et le mesclun (c&rsquo;est \u00e0 un dire un m\u00e9lange de jeunes pousses). Quant \u00e0 l&rsquo;oseille, qui se mange plut\u00f4t cuite, elle peut \u00e9galement accompagner crue un mesclun pour lui aouter une touche originale.<\/p>\n<h3>Les l\u00e9gumes primeurs et (encore) nouveaux<\/h3>\n<p>Ils sont nouveaux depuis d\u00e9j\u00e0 1 ou 2 mois mais se diff\u00e9rencient des produits \u00ab\u00a0de conservation\u00a0\u00bb (leur version que l&rsquo;on conserve le reste de l&rsquo;ann\u00e9e). Parmi eux :<\/p>\n<ul>\n<li>Les carottes primeur<\/li>\n<li>Les pommes de terre primeur<\/li>\n<li>Les poireaux primeurs<\/li>\n<li>Les navets nouveaux<\/li>\n<\/ul>\n<h3>Et aussi<\/h3>\n<p>On trouvera artichauts (gros ou \u00ab\u00a0poivrade\u00a0\u00bb), choux (dont le fameux choux kale), fenouil, radis, ma\u00efs et courges p\u00e2tisson.<\/p>\n<h2>Fruits de saison en juillet<\/h2>\n<p>Le soleil s&rsquo;accompagne de la douceur des fruits. Que du bonheur \ud83d\ude42<\/p>\n<p>On trouvera sur les \u00e9tals, m\u00fbrs et gouteux car de saison&#8230;<\/p>\n<h3>C\u00f4t\u00e9 arboriculture<\/h3>\n<p><img loading=\"lazy\" class=\"aligncenter size-large wp-image-1663\" src=\"https:\/\/ecolozen.com\/fr\/wp-content\/uploads\/2018\/06\/7-nectarines-1024x681.jpg\" alt=\"\" width=\"840\" height=\"559\" srcset=\"https:\/\/ecolozen.com\/fr\/wp-content\/uploads\/2018\/06\/7-nectarines-1024x681.jpg 1024w, https:\/\/ecolozen.com\/fr\/wp-content\/uploads\/2018\/06\/7-nectarines-300x199.jpg 300w, https:\/\/ecolozen.com\/fr\/wp-content\/uploads\/2018\/06\/7-nectarines-768x510.jpg 768w, https:\/\/ecolozen.com\/fr\/wp-content\/uploads\/2018\/06\/7-nectarines-1200x798.jpg 1200w, https:\/\/ecolozen.com\/fr\/wp-content\/uploads\/2018\/06\/7-nectarines.jpg 1920w\" sizes=\"(max-width: 709px) 85vw, (max-width: 909px) 67vw, (max-width: 1362px) 62vw, 840px\" \/>On commence \u00e0 trouver de beaux fruits murs notamment<\/p>\n<ul>\n<li>Abricots<\/li>\n<li>brugnons,<\/li>\n<li>prunes<\/li>\n<li>nectarines<\/li>\n<li>p\u00eaches&#8230;<\/li>\n<\/ul>\n<h3>Les grosses cucurbitac\u00e9es<\/h3>\n<p><img loading=\"lazy\" class=\"aligncenter size-large wp-image-1664\" src=\"https:\/\/ecolozen.com\/fr\/wp-content\/uploads\/2018\/06\/8-melons-1024x683.jpg\" alt=\"\" width=\"840\" height=\"560\" srcset=\"https:\/\/ecolozen.com\/fr\/wp-content\/uploads\/2018\/06\/8-melons-1024x683.jpg 1024w, https:\/\/ecolozen.com\/fr\/wp-content\/uploads\/2018\/06\/8-melons-300x200.jpg 300w, https:\/\/ecolozen.com\/fr\/wp-content\/uploads\/2018\/06\/8-melons-768x512.jpg 768w, https:\/\/ecolozen.com\/fr\/wp-content\/uploads\/2018\/06\/8-melons-1200x800.jpg 1200w, https:\/\/ecolozen.com\/fr\/wp-content\/uploads\/2018\/06\/8-melons.jpg 1920w\" sizes=\"(max-width: 709px) 85vw, (max-width: 909px) 67vw, (max-width: 1362px) 62vw, 840px\" \/>R\u00e9p\u00e9tez \u00ab\u00a0les grosses cucurbitac\u00e9es\u00a0\u00bb 20 fois sans fois rapidement sans vous tromper \ud83d\ude09 Parmi elles, on se r\u00e9galera avec des melons et past\u00e8ques qui sont \u00e0 l&rsquo;honneur. Si vous achetez du melon charentais (qui est une vari\u00e9t\u00e9 \u00e9galement cultiv\u00e9e en Espagne), achetez-le de France si possible&#8230;<\/p>\n<h3>Les baies et fruits rouges<\/h3>\n<p><img loading=\"lazy\" class=\"aligncenter size-large wp-image-1665\" src=\"https:\/\/ecolozen.com\/fr\/wp-content\/uploads\/2018\/06\/9-cerises-1024x683.jpg\" alt=\"\" width=\"840\" height=\"560\" srcset=\"https:\/\/ecolozen.com\/fr\/wp-content\/uploads\/2018\/06\/9-cerises-1024x683.jpg 1024w, https:\/\/ecolozen.com\/fr\/wp-content\/uploads\/2018\/06\/9-cerises-300x200.jpg 300w, https:\/\/ecolozen.com\/fr\/wp-content\/uploads\/2018\/06\/9-cerises-768x512.jpg 768w, https:\/\/ecolozen.com\/fr\/wp-content\/uploads\/2018\/06\/9-cerises-1200x801.jpg 1200w, https:\/\/ecolozen.com\/fr\/wp-content\/uploads\/2018\/06\/9-cerises.jpg 1920w\" sizes=\"(max-width: 709px) 85vw, (max-width: 909px) 67vw, (max-width: 1362px) 62vw, 840px\" \/>Parmi les baies et fruits rouges on commence \u00e0 avoir en abondance, notamment<\/p>\n<ul>\n<li>Cerises<\/li>\n<li>Framboises<\/li>\n<li>Myrtilles (de culture)<\/li>\n<li>Mais \u00e9galement : cassis, fraises, groseilles, m\u00fbres.<\/li>\n<\/ul>\n<p>Un r\u00e9gal pour les papilles et un boost d&rsquo;antioxydants !<\/p>\n<h3>Mangez des pommes ?!?<\/h3>\n<p><img loading=\"lazy\" class=\"aligncenter size-large wp-image-1666\" src=\"https:\/\/ecolozen.com\/fr\/wp-content\/uploads\/2018\/06\/10-pommes-1024x683.jpg\" alt=\"\" width=\"840\" height=\"560\" srcset=\"https:\/\/ecolozen.com\/fr\/wp-content\/uploads\/2018\/06\/10-pommes-1024x683.jpg 1024w, https:\/\/ecolozen.com\/fr\/wp-content\/uploads\/2018\/06\/10-pommes-300x200.jpg 300w, https:\/\/ecolozen.com\/fr\/wp-content\/uploads\/2018\/06\/10-pommes-768x512.jpg 768w, https:\/\/ecolozen.com\/fr\/wp-content\/uploads\/2018\/06\/10-pommes-1200x800.jpg 1200w, https:\/\/ecolozen.com\/fr\/wp-content\/uploads\/2018\/06\/10-pommes.jpg 1920w\" sizes=\"(max-width: 709px) 85vw, (max-width: 909px) 67vw, (max-width: 1362px) 62vw, 840px\" \/>M\u00eame si dans les faits, on trouve des pommes toute l&rsquo;ann\u00e9e, il faut privil\u00e9gier les saisons, hors la pomme se cueille plut\u00f4t (selon la vari\u00e9t\u00e9), d&rsquo;ao\u00fbt \u00e0 novembre !<\/p>\n<p>Cela veut dire que le reste de l&rsquo;ann\u00e9e, les pommes sont stock\u00e9es, donc plus on s&rsquo;\u00e9loigne de la p\u00e9riode de cueillette, moins les pommes seront vitamin\u00e9es et plus elles auront n\u00e9cessit\u00e9 de conservation (frais ventil\u00e9, si je ne m&rsquo;abuse, pour \u00e9viter que l&rsquo;\u00e9thyl\u00e8ne qu&rsquo;elles d\u00e9gagent les fasse murir trop vite, donc leur stockage consomme de l&rsquo;\u00e9nergie).<\/p>\n<p>Etant donn\u00e9e l&rsquo;abondance d&rsquo;autres fruits, il vaut mieux consommer moins de pommes en juillet et privil\u00e9gier les autres fruits &#8211; et surtout \u00e9viter ceux qui viennent de l&rsquo;h\u00e9misph\u00e8re sud (<a href=\"https:\/\/www.levergerdelablottiere.fr\/la-gamme\/le-calendrier\/\" target=\"_blank\" rel=\"noopener noreferrer\">source<\/a>). Les pommes ne devraient pas nous manquer de toutes mani\u00e8res, puisqu&rsquo;elles sont disponibles tout le reste de l&rsquo;ann\u00e9e.<\/p>\n","protected":false},"excerpt":{"rendered":"<p>Comme le dit le proverbe, \u00ab\u00a0en juillet, cuisine le mets qui te plait\u00a0\u00bb. De ratatouilles d\u00e9licieuses en fruits juteux, la palette gustative des fruits et l\u00e9gumes de juillet est \u00e0 la fois vari\u00e9e et haute en couleurs. Bon app\u00e9tit !<\/p>\n","protected":false},"author":1,"featured_media":2293,"comment_status":"open","ping_status":"closed","sticky":false,"template":"","format":"standard","meta":[],"categories":[6],"tags":[],"_links":{"self":[{"href":"https:\/\/ecolozen.com\/fr\/wp-json\/wp\/v2\/posts\/1651"}],"collection":[{"href":"https:\/\/ecolozen.com\/fr\/wp-json\/wp\/v2\/posts"}],"about":[{"href":"https:\/\/ecolozen.com\/fr\/wp-json\/wp\/v2\/types\/post"}],"author":[{"embeddable":true,"href":"https:\/\/ecolozen.com\/fr\/wp-json\/wp\/v2\/users\/1"}],"replies":[{"embeddable":true,"href":"https:\/\/ecolozen.com\/fr\/wp-json\/wp\/v2\/comments?post=1651"}],"version-history":[{"count":17,"href":"https:\/\/ecolozen.com\/fr\/wp-json\/wp\/v2\/posts\/1651\/revisions"}],"predecessor-version":[{"id":2291,"href":"https:\/\/ecolozen.com\/fr\/wp-json\/wp\/v2\/posts\/1651\/revisions\/2291"}],"wp:featuredmedia":[{"embeddable":true,"href":"https:\/\/ecolozen.com\/fr\/wp-json\/wp\/v2\/media\/2293"}],"wp:attachment":[{"href":"https:\/\/ecolozen.com\/fr\/wp-json\/wp\/v2\/media?parent=1651"}],"wp:term":[{"taxonomy":"category","embeddable":true,"href":"https:\/\/ecolozen.com\/fr\/wp-json\/wp\/v2\/categories?post=1651"},{"taxonomy":"post_tag","embeddable":true,"href":"https:\/\/ecolozen.com\/fr\/wp-json\/wp\/v2\/tags?post=1651"}],"curies":[{"name":"wp","href":"https:\/\/api.w.org\/{rel}","templated":true}]}}