{"id":2297,"date":"2023-07-07T16:40:19","date_gmt":"2023-07-07T14:40:19","guid":{"rendered":"https:\/\/ecolozen.com\/fr\/?p=2297"},"modified":"2023-07-16T15:04:14","modified_gmt":"2023-07-16T13:04:14","slug":"ecolozen-en-2023-le-renouveau","status":"publish","type":"post","link":"https:\/\/ecolozen.com\/fr\/initiatives\/ecolozen-en-2023-le-renouveau\/","title":{"rendered":"Ecolozen en 2023, le renouveau"},"content":{"rendered":"\n<p>Cela fait longtemps que je n&rsquo;ai pas publi\u00e9 d&rsquo;article. Ma vie a grandement chang\u00e9 depuis quelques ann\u00e9es et j&rsquo;ai h\u00e9sit\u00e9 \u00e0 continuer ce blog, m\u00eame si paradoxalement je n&rsquo;ai jamais \u00e9t\u00e9 autant \u00ab\u00a0dans l&rsquo;\u00e9cologie\u00a0\u00bb qu&rsquo;aujourd&rsquo;hui. Alors, apr\u00e8s r\u00e9flexion, j&rsquo;ai d\u00e9cid\u00e9 de continuer Ecolozen, mais sur un angle d&rsquo;attaque diff\u00e9rent : <strong>je suis en cours de cr\u00e9ation d&rsquo;\u00e9co-lieu<\/strong>, et mon quotidien s&rsquo;appuie sur des exp\u00e9riences, d\u00e9couvertes et rencontres qu&rsquo;il sera plaisant et utile de partager. Alors, c&rsquo;est reparti \ud83d\ude42<\/p>\n\n\n\n<!--more-->\n\n\n\n<h2>Quelques phases de vie diff\u00e9rentes depuis la cr\u00e9ation d&rsquo;Ecolozen<\/h2>\n\n\n\n<p>Apr\u00e8s un s\u00e9jour \u00e0 l&rsquo;h\u00f4pital en 2014 suite en angine bact\u00e9rienne mal trait\u00e9e par mon docteur, je d\u00e9cide de vivre plus sainement, et je commence \u00e0 manger mieux (en me r\u00e9galant toujours). De fil en aiguille, de lectures en d\u00e9couvertes, ma fibre \u00ab\u00a0\u00e9colo\u00a0\u00bb entre en r\u00e9sonance, des documentaires et lectures me font passer v\u00e9g\u00e9tarien et je tente le z\u00e9ro d\u00e9chet, ce qui n&rsquo;est pas de tout repos dans mon couple de l&rsquo;\u00e9poque et avec mon enfant en bas \u00e2ge.<\/p>\n\n\n\n<p>Comme je fais rarement les choses \u00e0 moiti\u00e9, et sans faire de pros\u00e9lytisme \u00e0 la maison, je commence \u00e0 \u00ab\u00a0militer\u00a0\u00bb et deviens un peu obsessionnel sur les sujets de l&rsquo;\u00e9cologie, mais de \u00ab\u00a0mani\u00e8re positive\u00a0\u00bb (tous mes actes du moment s&rsquo;alignent sur les articles que je publie sur le site : z\u00e9ro d\u00e9chet, pipi sous la douche, v\u00e9g\u00e9tarisme, etc). Cependant, ces tentatives forcen\u00e9es n&rsquo;aboutissent pas \u00e0 quelque chose qui me satisfait : d\u00e9j\u00e0, autour de moi rien ne bouge voire se tend (\u00e0 la maison comme au bureau, tout le monde \u00ab\u00a0s&rsquo;en fout\u00a0\u00bb de l&rsquo;\u00e9cologie). D&rsquo;autre part, le fait que mes lecteur\u00b7ice\u00b7s d&rsquo;Ecolozen soient des personnes d\u00e9j\u00e0 actives et convaincues par le sujet (alors que mon but initial \u00e9tait d&rsquo;inviter d&rsquo;autres personnes \u00e0 changer) rend l&rsquo;objectif du site peu efficace \u00e0 mon go\u00fbt. Enfin, je propose soient des \u00ab\u00a0mesurettes\u00a0\u00bb qui ne vont pas changer le monde (surtout en achetant des trucs \u00ab\u00a0\u00e9colo\u00a0\u00bb sur Amazon, liens que j&rsquo;ai massivement supprim\u00e9s sur le site depuis, m\u00eame s&rsquo;il en reste). Bref, je rentre dans une p\u00e9riode d&rsquo;\u00e9co-anxi\u00e9t\u00e9 et de petite d\u00e9prime de \u00ab\u00a0\u00e7a sert \u00e0 rien\u00a0\u00bb. D\u00e9prime teint\u00e9e de col\u00e8re. Au final, je \u00ab\u00a0l\u00e2che prise\u00a0\u00bb et <strong>j&rsquo;abandonne les \u00ab\u00a0d\u00e9bats\u00a0\u00bb qui me nourrissent pas<\/strong>.<\/p>\n\n\n\n<h2>Objectifs d&rsquo;Ecolozen nouvelle version<\/h2>\n\n\n\n<p><strong><em>\u00ab\u00a0Il faut cultiver son jardin\u00a0\u00bb<\/em> disait Voltaire<\/strong> dans les deux sens : travailler son jardin int\u00e9rieur ind\u00e9pendamment du monde ext\u00e9rieur, et travailler son jardin potager \ud83d\ude42<\/p>\n\n\n\n<p>C&rsquo;est ce que je fais et cela r\u00e9pond souvent de mani\u00e8re positive \u00e0 la plupart des souffrances que je subis. <strong>M&rsquo;occuper de \u00ab\u00a0mes jardins\u00a0\u00bb me connecte \u00e0 la terre, \u00e0 mon moi int\u00e9rieur, \u00e0 la satisfaction de participer \u00e0 la cr\u00e9ation (la Cr\u00e9ation ?).<\/strong><\/p>\n\n\n\n<figure class=\"wp-block-pullquote\"><blockquote><p>\u00ab\u00a0Construire plut\u00f4t que de regarder ce que l&rsquo;humain d\u00e9truit\u00a0\u00bb<\/p><\/blockquote><\/figure>\n\n\n\n<p>Lors d&rsquo;un s\u00e9jour \u00e0 l&rsquo;\u00e9co-village de Pourgues, la personne interview\u00e9e disait cela, en substance : <em><strong>\u00ab\u00a0plut\u00f4t que de lire les news et de voir tout ce que les humains d\u00e9truisent, ce qui me d\u00e9primerait sans me donner le pouvoir d&rsquo;agir, je me r\u00e9veille le matin en me posant la question : qu&rsquo;est ce que je peux construire aujourd&rsquo;hui ?\u00a0\u00bb.<\/strong><\/em> C&rsquo;est bien cela que je mets \u00e9galement en place. Je pratique donc la di\u00e8te m\u00e9diatique (ce qui ne m&#8217;emp\u00eache pas d&rsquo;entendre autour de moi l&rsquo;angoisse\u2026 Je r\u00e9ponds encore \u00ab\u00a0il faut cultiver son jardin\u00a0\u00bb et cela ressource parfois les personnes concern\u00e9es). Cela fait aussi \u00e9cho \u00e0 un livre qui inspire ma vie du moment : l&rsquo;homme qui plantait des arbres, de Jean Giono.<\/p>\n\n\n\n<h2>Et concr\u00e8tement ?<\/h2>\n\n\n\n<p><strong>Mon credo (ma \u00ab\u00a0raison d&rsquo;\u00eatre\u00a0\u00bb) : nourrir et se nourrir<\/strong> (dans tous les sens du terme : physique, humain, intellectuel et spirituel), credo que j&rsquo;a d\u00e9velopp\u00e9 dans cet article : <a href=\"https:\/\/ecolozen.com\/fr\/astuces\/fondamentaux-raison-detre\/\" data-type=\"URL\" data-id=\"https:\/\/ecolozen.com\/fr\/astuces\/fondamentaux-raison-detre\/\" target=\"_blank\" rel=\"noreferrer noopener\">fondamentaux, raison d&rsquo;\u00eatre<\/a>.<\/p>\n\n\n\n<p>Je vais partager sur ce site ce que j&rsquo;ai pu cr\u00e9er, d\u00e9couvrir ou partager des ressources et rencontres nourrissantes. Le rythme sera organique, le contenu sera plut\u00f4t spontan\u00e9. Je vous dis, donc, \u00e0 bient\u00f4t !<\/p>\n\n\n\n<p><\/p>\n","protected":false},"excerpt":{"rendered":"<p>Cela fait longtemps que je n&rsquo;ai pas publi\u00e9 d&rsquo;article. Ma vie a grandement chang\u00e9 depuis quelques ann\u00e9es et j&rsquo;ai h\u00e9sit\u00e9 \u00e0 continuer ce blog, m\u00eame si paradoxalement je n&rsquo;ai jamais \u00e9t\u00e9 autant \u00ab\u00a0dans l&rsquo;\u00e9cologie\u00a0\u00bb qu&rsquo;aujourd&rsquo;hui. Alors, apr\u00e8s r\u00e9flexion, j&rsquo;ai d\u00e9cid\u00e9 de continuer Ecolozen, mais sur un angle d&rsquo;attaque diff\u00e9rent : je suis en cours de &hellip; <a href=\"https:\/\/ecolozen.com\/fr\/initiatives\/ecolozen-en-2023-le-renouveau\/\" class=\"more-link\">Continuer la lecture<span class=\"screen-reader-text\"> de &laquo;&nbsp;Ecolozen en 2023, le renouveau&nbsp;&raquo;<\/span><\/a><\/p>\n","protected":false},"author":1,"featured_media":2305,"comment_status":"open","ping_status":"closed","sticky":false,"template":"","format":"standard","meta":[],"categories":[8],"tags":[],"_links":{"self":[{"href":"https:\/\/ecolozen.com\/fr\/wp-json\/wp\/v2\/posts\/2297"}],"collection":[{"href":"https:\/\/ecolozen.com\/fr\/wp-json\/wp\/v2\/posts"}],"about":[{"href":"https:\/\/ecolozen.com\/fr\/wp-json\/wp\/v2\/types\/post"}],"author":[{"embeddable":true,"href":"https:\/\/ecolozen.com\/fr\/wp-json\/wp\/v2\/users\/1"}],"replies":[{"embeddable":true,"href":"https:\/\/ecolozen.com\/fr\/wp-json\/wp\/v2\/comments?post=2297"}],"version-history":[{"count":7,"href":"https:\/\/ecolozen.com\/fr\/wp-json\/wp\/v2\/posts\/2297\/revisions"}],"predecessor-version":[{"id":2324,"href":"https:\/\/ecolozen.com\/fr\/wp-json\/wp\/v2\/posts\/2297\/revisions\/2324"}],"wp:featuredmedia":[{"embeddable":true,"href":"https:\/\/ecolozen.com\/fr\/wp-json\/wp\/v2\/media\/2305"}],"wp:attachment":[{"href":"https:\/\/ecolozen.com\/fr\/wp-json\/wp\/v2\/media?parent=2297"}],"wp:term":[{"taxonomy":"category","embeddable":true,"href":"https:\/\/ecolozen.com\/fr\/wp-json\/wp\/v2\/categories?post=2297"},{"taxonomy":"post_tag","embeddable":true,"href":"https:\/\/ecolozen.com\/fr\/wp-json\/wp\/v2\/tags?post=2297"}],"curies":[{"name":"wp","href":"https:\/\/api.w.org\/{rel}","templated":true}]}}