{"id":2302,"date":"2025-07-07T16:59:00","date_gmt":"2025-07-07T14:59:00","guid":{"rendered":"https:\/\/ecolozen.com\/fr\/?p=2302"},"modified":"2025-09-23T14:34:57","modified_gmt":"2025-09-23T12:34:57","slug":"fondamentaux-raison-detre","status":"publish","type":"post","link":"https:\/\/ecolozen.com\/fr\/ecolieu\/fondamentaux-raison-detre\/","title":{"rendered":"Fondamentaux, raison d&rsquo;\u00eatre"},"content":{"rendered":"\n<p>Depuis 2023, j&rsquo;ai d\u00e9cid\u00e9 d&rsquo;utiliser mon ancien blog Ecolozen pour parler de mon <strong>projet de cr\u00e9ation d&rsquo;\u00e9co-lieu<\/strong>. En attendant de le cr\u00e9er et de le nommer diff\u00e9remment, je vais utiliser \u00ab\u00a0Ecolozen\u00a0\u00bb comme nom de projet. Et je trouve que \u00e7a tombe bien ! En effet&#8230;<\/p>\n\n\n\n<!--more-->\n\n\n\n<ul><li><strong>Ecolo<\/strong> : parce que fais en sorte que la plupart de mes actions du quotidien soient align\u00e9es avec mon d\u00e9sir de <em>cr\u00e9er ou \u00eatre en harmonie avec le vivant<\/em>.<\/li><li><strong>Zen<\/strong> : parce que j&rsquo;ai d\u00e9cid\u00e9 de mettre de c\u00f4t\u00e9 la consommation de contenus anxiog\u00e8nes et d&rsquo;utiliser ce temps et cette \u00e9nergie \u00e9conomis\u00e9s pour faire du quotidien une cr\u00e9ation satisfaisante pour l&rsquo;\u00e2me, align\u00e9e sur mes valeurs.<\/li><\/ul>\n\n\n\n<h2>Ma raison d&rsquo;\u00eatre : nourrir et se nourrir<\/h2>\n\n\n\n<p>Lors d&rsquo;un s\u00e9jour \u00e0 l&rsquo;<a rel=\"noreferrer noopener\" href=\"https:\/\/ecovillagestecamelle.fr\/\" data-type=\"URL\" data-id=\"https:\/\/ecovillagestecamelle.fr\/\" target=\"_blank\">\u00e9covillage de Sainte-Camelle<\/a> et lors de ma formation de la <a rel=\"noreferrer noopener\" href=\"https:\/\/cooperative-oasis.org\/\" data-type=\"URL\" data-id=\"https:\/\/cooperative-oasis.org\/\" target=\"_blank\">coop\u00e9rative Oasis<\/a>, on nous avait fait travailler sur notre raison d&rsquo;\u00eatre. Lorsqu&rsquo;un collectif se monte, le groupe r\u00e9dige ensemble la raison d&rsquo;\u00eatre du futur \u00e9colieu (raison d&rsquo;\u00eatre qui se place au dessus des objectifs individuels de chacun\u00b7e), mais, pour celleux comme moi qui n&rsquo;avaient pas encore de collectif, le but \u00e9tait de travailler individuellement sur ce qui nous anime, dans le but de voir, dans un second temps, comment les raisons d&rsquo;\u00eatre personnelles pouvaient fusionner en une chose unique. En attendant le collectif, j&rsquo;ai travaill\u00e9 dans mon coin \ud83d\ude09<\/p>\n\n\n\n<p>J&rsquo;ai d\u00e9cid\u00e9 de formuler une raison d&rsquo;\u00eatre tr\u00e8s courte : <strong>nourrir et se nourrir.<\/strong> Cette phrase succincte se d\u00e9cline sur tous les plans et se concr\u00e9tise par des actions concr\u00e8tes de mon quotidien, je m&rsquo;y retrouve donc bien :<\/p>\n\n\n\n<h3>Nourrir et se nourrir sur un plan <strong>physique<\/strong><\/h3>\n\n\n\n<p>C&rsquo;est par exemple cuisiner chaque repas, nourrir les lombrics avec une partie des d\u00e9chets v\u00e9g\u00e9taux, donner les \u00e9pluchures \u00e0 mes poules, qui vont \u00e0 leur tour me nourrir de leurs oeufs et nourrir le sol de leurs fientes. C&rsquo;est aussi arroser le jardin avec l&rsquo;eau de cuisine, apporter de l&rsquo;engrais avec son urine, r\u00e9colter les fruits et l\u00e9gumes du jardin. Prendre soin des arbres qui me donneront des fruits&#8230;<br><\/p>\n\n\n\n<h3>Nourrir et se nourrir sur un plan <strong>humain<\/strong> <\/h3>\n\n\n\n<p>C&rsquo;est partager du temps, de l&rsquo;\u00e9coute, de l&rsquo;amour, de l&rsquo;attention, c&rsquo;est s&rsquo;entraider, inspirer les autres de ses exp\u00e9riences et s&rsquo;inspirer des leurs, se connecter et respecter nos individualit\u00e9s. Avec mes amours, mes ami\u00b7e\u00b7s, ma\/mes colocs&rsquo;, mes voisin\u00b7e\u00b7s (et bien s\u00fbr, avec le futur collectif !).<br><\/p>\n\n\n\n<h3>Nourrir et se nourrir sur un plan <strong>intellectuel<\/strong><\/h3>\n\n\n\n<p>C&rsquo;est partager et recevoir du savoir, r\u00e9fl\u00e9chir ensemble \u00e0 des solutions, affiner nos perceptions du monde par la discussion de points de vue divergents (tout en restant aussi concrets que possible !).<br><\/p>\n\n\n\n<h3>Nourrir et se nourrir sur un plan<strong> spirituel<\/strong><\/h3>\n\n\n\n<p>C&rsquo;est travailler sur moi, tenter de ressentir ce qui est plus grand que moi. Cela se concr\u00e9tise notamment par la pratique du Tantra (qui me nourrit et nourrit les autres participant\u00b7e\u00b7s), par la m\u00e9ditation au sens large, par la nature, par le choix de prendre le temps de vivre et de ressentir, d&rsquo;accepter les temps morts, de se remettre en cause, d&rsquo;accepter d&rsquo;\u00eatre bless\u00e9 et de gu\u00e9rir plus fort. Ah, et de respirer (j&rsquo;y travaille !).<br><\/p>\n\n\n\n<h3>Enfin, c&rsquo;est faire avec mon coeur ce que je fais au quotidien.<\/h3>\n\n\n\n<p>J&rsquo;essaie (je dis bien, j&rsquo;essaie) de me poser la question de mani\u00e8re quasi syst\u00e9matique dans la journ\u00e9e : est-ce que ce que je vis actuellement, ou bien ce que je d\u00e9cide de faire, me nourrir et\/ou nourrit autrui ? Si la r\u00e9ponse est non, j&rsquo;essaie de ne pas m&#8217;embarquer dedans. Ainsi, j&rsquo;ai mis plusieurs mois avant de laisser mon intuition avancer de mani\u00e8re organique sur \u00ab\u00a0est-ce que je veux recommencer Ecolozen ? Si oui, pourquoi ?\u00a0\u00bb. J&rsquo;esp\u00e8re que partager des exp\u00e9riences personnelles et mes d\u00e9couvertes de p\u00e9pites vont vous nourrir. J&rsquo;esp\u00e8re que les (peut-\u00eatre rares mais s\u00fbrement qualitatives) rencontres dans la vraie vie initi\u00e9s via Ecolozen, vont nourrir les personnes que je rencontre et moi-m\u00eame. Alors, oui, prendre du temps devant mon ordi (je n&rsquo;aime pas trop \u00e7a) peut nourrir, donc j&rsquo;y vais, je m&rsquo;y remets. Et je ne manquerai pas de questionner \u00e0 nouveau le bienfond\u00e9 des objectifs d&rsquo;\u00e9crire sur ce site dans le futur.<\/p>\n\n\n\n<h2>Mes valeurs et celles de mon collectif id\u00e9al<\/h2>\n\n\n\n<p><strong>Alignement<\/strong> : est-ce que ce que je fais est coh\u00e9rent avec mes valeurs et ma raison d&rsquo;\u00eatre ? Est-ce que cela me nourrit et\/ou nourrit les autres ?<br><\/p>\n\n\n\n<p><strong>Attention<\/strong>, <strong>harmonie<\/strong> et <strong>fluidit\u00e9<\/strong> : j&rsquo;\u00e9coute et accepte la sensibilit\u00e9 de l&rsquo;autre et je suis pr\u00e9venant, tout en laissant l&rsquo;espace et la distance dont j&rsquo;ai besoin. Et si le collectif formalise certains accords fondamentaux, l&rsquo;\u00e9quilibre, l&rsquo;harmonie, se fait concr\u00e8tement dans le quotidien, en restant \u00e9coutilles ouvertes, et <em>en faisant ensemble<\/em>. J&rsquo;ajuste en douceur si c&rsquo;est n\u00e9cessaire. J&rsquo;\u00e9change de mani\u00e8re pos\u00e9e et dans un but de r\u00e9solution des d\u00e9saccords. J&rsquo;essaie de suivre les 4 accords Tolt\u00e8ques et je tente de mettre \u00e0 part le r\u00f4le de mes blessures personnelles dans nos interactions. J&rsquo;ai le courage de dire ce qui doit \u00eatre dit pour garder l&rsquo;harmonie sur le long terme. J&rsquo;accepte d&rsquo;\u00eatre vuln\u00e9rable et sans filtre.<br><\/p>\n\n\n\n<p><strong>Action<\/strong> : j&rsquo;ai besoin de moins de mots et plus d&rsquo;actions concr\u00e8tes. J&rsquo;aime faire seul et j&rsquo;aime <em>faire ensemble sobrement et dans la Joie<\/em> (la raison d&rsquo;\u00eatre de ma compagne). J&#8217;embrasse l&rsquo;action et j&rsquo;accepte de me tromper et d&rsquo;apprendre de mes erreurs. J&rsquo;accepte les erreurs des autres. Je profite, et j&rsquo;invite \u00e0 profiter de ces erreurs pour <strong>progresser<\/strong>. <br><\/p>\n\n\n\n<p><strong>Plaisir<\/strong> : au del\u00e0 de l&rsquo;anticipation d&rsquo;un futur potentiellement compliqu\u00e9 (je crois en un probable effondrement futur), je prends plaisir \u00e0 faire, \u00e0 partager. Dans une certaine proportion du quotidien, le seul plaisir peut \u00eatre une raison suffisante pour \u00ab\u00a0me nourrir\u00a0\u00bb ou \u00ab\u00a0nourrir les autres\u00a0\u00bb.  J&rsquo;ai beau parfois \u00eatre laborieux\/hyper actif, obsessionnel et pugnace, je me satisfais du r\u00e9sultat et je reste joyeux, et je t\u00e2che de c\u00e9l\u00e9brer (en \u00e9tant simplement pleinement conscient de ce que j&rsquo;ai pu r\u00e9aliser). Le quotidien peut \u00e0 la fois \u00eatre \u00e9prouvant et fun !<br><\/p>\n\n\n\n<p><strong>Libert\u00e9 et autonomie<\/strong> : mon \u00e9quilibre personnel ne se fait pas au d\u00e9triment du collectif, et vice versa. Je reste un individu unique, je t\u00e2che d&rsquo;assumer ma responsabilit\u00e9 individuelle, je reste autonome dans mes choix de vie. Je veille \u00e0 ce que j&rsquo;en entrave pas la libert\u00e9 et l&rsquo;autonomie des gens du collectif. Je leur laisse l&rsquo;espace (mental et physique) dont ils ont besoin, et je fais en sorte qu&rsquo;on respecte le mien. J&rsquo;accepte les diff\u00e9rences d&rsquo;action et de vision tant que cela ne m&rsquo;ali\u00e8ne pas.<\/p>\n\n\n\n<p><\/p>\n","protected":false},"excerpt":{"rendered":"<p>Depuis 2023, j&rsquo;ai d\u00e9cid\u00e9 d&rsquo;utiliser mon ancien blog Ecolozen pour parler de mon projet de cr\u00e9ation d&rsquo;\u00e9co-lieu. En attendant de le cr\u00e9er et de le nommer diff\u00e9remment, je vais utiliser \u00ab\u00a0Ecolozen\u00a0\u00bb comme nom de projet. Et je trouve que \u00e7a tombe bien ! En effet&#8230;<\/p>\n","protected":false},"author":1,"featured_media":2312,"comment_status":"open","ping_status":"closed","sticky":false,"template":"","format":"standard","meta":[],"categories":[12],"tags":[],"_links":{"self":[{"href":"https:\/\/ecolozen.com\/fr\/wp-json\/wp\/v2\/posts\/2302"}],"collection":[{"href":"https:\/\/ecolozen.com\/fr\/wp-json\/wp\/v2\/posts"}],"about":[{"href":"https:\/\/ecolozen.com\/fr\/wp-json\/wp\/v2\/types\/post"}],"author":[{"embeddable":true,"href":"https:\/\/ecolozen.com\/fr\/wp-json\/wp\/v2\/users\/1"}],"replies":[{"embeddable":true,"href":"https:\/\/ecolozen.com\/fr\/wp-json\/wp\/v2\/comments?post=2302"}],"version-history":[{"count":15,"href":"https:\/\/ecolozen.com\/fr\/wp-json\/wp\/v2\/posts\/2302\/revisions"}],"predecessor-version":[{"id":2660,"href":"https:\/\/ecolozen.com\/fr\/wp-json\/wp\/v2\/posts\/2302\/revisions\/2660"}],"wp:featuredmedia":[{"embeddable":true,"href":"https:\/\/ecolozen.com\/fr\/wp-json\/wp\/v2\/media\/2312"}],"wp:attachment":[{"href":"https:\/\/ecolozen.com\/fr\/wp-json\/wp\/v2\/media?parent=2302"}],"wp:term":[{"taxonomy":"category","embeddable":true,"href":"https:\/\/ecolozen.com\/fr\/wp-json\/wp\/v2\/categories?post=2302"},{"taxonomy":"post_tag","embeddable":true,"href":"https:\/\/ecolozen.com\/fr\/wp-json\/wp\/v2\/tags?post=2302"}],"curies":[{"name":"wp","href":"https:\/\/api.w.org\/{rel}","templated":true}]}}