{"id":2339,"date":"2023-08-14T10:20:30","date_gmt":"2023-08-14T08:20:30","guid":{"rendered":"https:\/\/ecolozen.com\/fr\/?p=2339"},"modified":"2023-10-27T18:09:02","modified_gmt":"2023-10-27T16:09:02","slug":"ecolieu-la-ferme-legere","status":"publish","type":"post","link":"https:\/\/ecolozen.com\/fr\/astuces\/ecolieu-la-ferme-legere\/","title":{"rendered":"Ecolieu La Ferme L\u00e9g\u00e8re"},"content":{"rendered":"\n<p>La Ferme l\u00e9g\u00e8re est un \u00e9colieu d\u00e9croissant qui se pr\u00e9pare \u00e0 l&rsquo;effondrement de mani\u00e8re pragmatique et bienveillante. Elle a pour objectif de r\u00e9duire drastiquement son utilisation des ressources et y r\u00e9ussit par bien des aspects. Petit tour d&rsquo;horizon et fiche de synth\u00e8se de cet \u00e9colieu qui m&rsquo;a beaucoup inspir\u00e9.<\/p>\n\n\n\n<!--more-->\n\n\n\n<p><strong>Comment j&rsquo;ai connu la Ferme L\u00e9g\u00e8re<\/strong> : j&rsquo;ai s\u00e9journ\u00e9 deux fois \u00e0 la Ferme L\u00e9g\u00e8re qui se trouve pr\u00e8s de Pau, une premi\u00e8re fois \u00e0 l&rsquo;occasion de leur \u00ab\u00a0r\u00e9sidence d\u00e9coiffante\u00a0\u00bb qui est un stage d&rsquo;immersion dans leur mode de vie, et une seconde fois pour un court s\u00e9jour. Cela m&rsquo;a permis de tisser des liens authentiques et plut\u00f4t forts avec le groupe.<\/p>\n\n\n\n<table id=\"tablepress-non-avis-ecolieu\" class=\"tablepress tablepress-id-non-avis-ecolieu\">\n<tbody>\n<tr class=\"row-1\">\n\t<td class=\"column-1\"><strong>Rappel<\/strong> : cet article a pour vocation de lister ce que j'ai envie de retrouver dans mon futur \u00e9colieu id\u00e9al, ce que je veux \u00e9viter dans ce m\u00eame \u00e9co-lieu, et les apprentissages personnels qu'ils ont pu m'apporter. Ce n'est pas un \"avis utilisateur\"...<\/td>\n<\/tr>\n<\/tbody>\n<\/table>\n<!-- #tablepress-non-avis-ecolieu from cache -->\n\n\n\n<h2>Fiche technique<\/h2>\n\n\n\n<ul><li>Lieu : <a rel=\"noreferrer noopener\" href=\"https:\/\/goo.gl\/maps\/k8qzaR4XjSvshp6i9\" data-type=\"URL\" data-id=\"https:\/\/goo.gl\/maps\/k8qzaR4XjSvshp6i9\" target=\"_blank\">M\u00e9racq<\/a><\/li><li>Date de cr\u00e9ation : 2015<\/li><li>Nombre de r\u00e9sident\u00b7e\u00b7s : entre 10 et 20<\/li><li>Collectif ou communaut\u00e9 ? Collectif dans la mesure o\u00f9 chacun a sa chambre, mais vie commune dans une m\u00eame ferme r\u00e9nov\u00e9e et 90% du travail est fait sur place, ce qui se rapprocherait d&rsquo;une vie de type communautaire.<\/li><li>B\u00e2ti : ancienne ferme r\u00e9nov\u00e9e + une yourte<\/li><li>Surface du terrain : 11 ha de prairie et for\u00eat avec un tr\u00e8s grand potager<\/li><li>Structure juridique principale : SCI + association avec bail emphyt\u00e9otique (en cours)<\/li><li>Fondamentaux du collectif (par le prisme de ma propre perception) : face au futur effondrement, vie d\u00e9croissante et \u00e9cologique qui teste, exp\u00e9rimente, partage et se questionne sans cesse sur tous les aspects, avec une \u00e9thique tr\u00e8s forte.<\/li><li>Ouvert au public ? Parfois (stages, JPO, etc).<\/li><li>Mod\u00e8le \u00e9conomique : d\u00e9croissance radicale, aides sociales, stages et formations.<\/li><li>Plus d&rsquo;infos : <a rel=\"noreferrer noopener\" href=\"https:\/\/fermelegere.greli.net\/\" target=\"_blank\">fermelegere.greli.net<\/a><\/li><\/ul>\n\n\n\n<h2>Ce que je prends<\/h2>\n\n\n\n<ul><li>Une r\u00e9flexion et une mise oeuvre sur la <strong>d\u00e9croissance<\/strong> que je trouve inspirantes, \u00e0 la fois sur le c\u00f4t\u00e9 \u00ab\u00a0performance\u00a0\u00bb (consommation de 10 fois moins d&rsquo;\u00e9nergie qu&rsquo;un fran\u00e7ais moyen, optimisation des consommations de mani\u00e8re cr\u00e9ative et efficace) et technique (mon c\u00f4t\u00e9 ing\u00e9nieur se r\u00e9gale par leur c\u00f4t\u00e9 ing\u00e9nieux) (1)<\/li><li>Tellement <strong>ing\u00e9nieux<\/strong> ! (bis) et optimis\u00e9 ! Quelle intelligence dans la mise en oeuvre ! Que ce soit le chauffe eau solaire sans circulateur \u00e9lectrique, la pompe pour alimenter le ch\u00e2teau d&rsquo;eau qui s&rsquo;active seulement quand les batteries sont pleines, etc&#8230;<\/li><li>&#8230; Des <strong>choix radicaux assum\u00e9s<\/strong> (par exemple : 1 seul v\u00e9hicule \u00e0 p\u00e9trole pour toustes, non n\u00e9gociable pour rejoindre le collectif).<\/li><li>La pr\u00e9cision dans les explications de la team et leurs r\u00e9partition par <strong>r\u00f4le<\/strong> (Marc pour la technique, Sylvaire pour le mara\u00eechage, Sylvie pour les plantes m\u00e9dicinales)<\/li><li>La <strong>production locale<\/strong> de plein de denr\u00e9es : des l\u00e9gumes, de la viande (on a mang\u00e9 un agneau de chez eux), du fromage de brebis, du pain (ils ont un four \u00e0 pain).<\/li><li>Plus de faire, moins de blabla. Chaque soir, une r\u00e9union des fermier\u00b7e\u00b7s l\u00e9ger\u00b7e\u00b7s courte et pragmatique permettait de savoir qui fait quoi de mani\u00e8re efficace le lendemain. \u00c7a change des \u00e9colieux o\u00f9 on parle beaucoup maison mais on produit peu&#8230;<\/li><li>Un sens de l&rsquo;organisation et de l&rsquo;ergonomie qui m&rsquo;ont inspir\u00e9 (de l&rsquo;atelier au potager en passant par la gestion d&rsquo;\u00e9lectricit\u00e9).<\/li><li>Des \u00eatres profond\u00e9ment humains (humanit\u00e9 j&rsquo;ai pu approfondir en discutant beaucoup avec Marc, la personne source), qui r\u00e9fl\u00e9chissent jusqu&rsquo;au fond des choses sur leurs choix de vie avec une \u00e9thique tr\u00e8s forte, un questionnement permanent et une remise en question facile qui \u00e9vitent de fossiliser la pens\u00e9e et de se refermer sur des dogmes.<\/li><li>Une conscience vis \u00e0 vis des animaux, avec un positionnement que je consid\u00e8re respectueux et qui me convient. Le collectif mange rarement de la viande, et se contente de manger les animaux qu&rsquo;ils ont sur le la ferme et qu&rsquo;ils tuent eux m\u00eames. Lors de la r\u00e9sidence d\u00e9coiffante, j&rsquo;ai pu voir comment ils faisaient, en pleine conscience, sans faux semblants, pour tuer un agneau et on ne pouvait faire mieux \u00e0 mon sens (l&rsquo;animal n&rsquo;a pas souffert et ils se sont nourris de viande).<\/li><li>Un sens de l&rsquo;organisation qui me pla\u00eet (chaque chose \u00e0 sa place et tout est bien rod\u00e9 tout en gardant une certaine souplesse dans la mise en oeuvre).<\/li><li>La conscience sur toute chose. Par exemple, chaque bocal de nourriture a un code couleur (pour marquer son empreinte CO2) et un prix au kg (pour conscientiser le co\u00fbt). Pas pour faire culpabiliser si on mange des amandes, mais pour conscientiser.<\/li><li>La confiance en toute chose. Par exemple, le livre de Marc et Val\u00e9rie (\u00ab\u00a0Voyage en effondrements\u00a0\u00bb) met en avant une forme d&rsquo;acceptation d&rsquo;\u00eatre vuln\u00e9rable face \u00e0 ce qui pourra se passer post-effondrement et formule un espoir de solidarit\u00e9 tout en refusant la violence face \u00e0 la violence potentielle.<\/li><li>Un PLC (prix libre et conscient, lorsqu&rsquo;on est h\u00e9berg\u00e9 et nourri) hyper social qui responsabilise individuellement, qui incite les plus ais\u00e9s \u00e0 participer davantage sans culpabilisation, et qui autorise les woofers et autres participant\u00b7e\u00b7s \u00e0 ne rien payer s&rsquo;ils ont pas ou tr\u00e8s peu de revenu.<\/li><li>Un super potager ! Enfin un \u00e9colieu totalement autonome en l\u00e9gumes ! Et, pour citer la blaque de Marc, \u00ab\u00a0o\u00f9 le potager est plus grand que le parking\u00a0\u00bb.<\/li><li>De l&rsquo;humour (plut\u00f4t visible dans les newsletters et le site qu&rsquo;au quotidien sur place, h\u00e9las). On peut \u00eatre collapso et dr\u00f4le \ud83d\ude09<\/li><li>Un terrain plut\u00f4t joli, vallon\u00e9 et diversifi\u00e9&#8230; M\u00eame si la pente, c&rsquo;est plus d&rsquo;efforts !<\/li><li>Une gestion de conflit qui m&rsquo;a l&rsquo;air hyper fluide (j&rsquo;ai pu voir une tension entre deux r\u00e9sidents qui s&rsquo;est r\u00e9solue entre eux en 10 minutes le jour m\u00eame).<\/li><li>Une v\u00e9randa bioclimatique super efficace qui chauffe et isole \u00e0 la fois la maison.<\/li><\/ul>\n\n\n\n<figure class=\"wp-block-image size-large\"><img loading=\"lazy\" width=\"1024\" height=\"768\" src=\"https:\/\/ecolozen.com\/fr\/wp-content\/uploads\/2023\/10\/ferme-le\u0301ge\u0300re-vue-1024x768.jpg\" alt=\"\" class=\"wp-image-2573\" srcset=\"https:\/\/ecolozen.com\/fr\/wp-content\/uploads\/2023\/10\/ferme-le\u0301ge\u0300re-vue-1024x768.jpg 1024w, https:\/\/ecolozen.com\/fr\/wp-content\/uploads\/2023\/10\/ferme-le\u0301ge\u0300re-vue-300x225.jpg 300w, https:\/\/ecolozen.com\/fr\/wp-content\/uploads\/2023\/10\/ferme-le\u0301ge\u0300re-vue-768x576.jpg 768w, https:\/\/ecolozen.com\/fr\/wp-content\/uploads\/2023\/10\/ferme-le\u0301ge\u0300re-vue-1536x1152.jpg 1536w, https:\/\/ecolozen.com\/fr\/wp-content\/uploads\/2023\/10\/ferme-le\u0301ge\u0300re-vue-2048x1536.jpg 2048w, https:\/\/ecolozen.com\/fr\/wp-content\/uploads\/2023\/10\/ferme-le\u0301ge\u0300re-vue-1200x900.jpg 1200w\" sizes=\"(max-width: 709px) 85vw, (max-width: 909px) 67vw, (max-width: 1362px) 62vw, 840px\" \/><figcaption>Le terrain<\/figcaption><\/figure>\n\n\n\n<figure class=\"wp-block-image size-large\"><img loading=\"lazy\" width=\"1024\" height=\"768\" src=\"https:\/\/ecolozen.com\/fr\/wp-content\/uploads\/2023\/10\/ferme-le\u0301ge\u0300re-re\u0301servoir-deau-ge\u0301ant-1024x768.jpg\" alt=\"\" class=\"wp-image-2574\" srcset=\"https:\/\/ecolozen.com\/fr\/wp-content\/uploads\/2023\/10\/ferme-le\u0301ge\u0300re-re\u0301servoir-deau-ge\u0301ant-1024x768.jpg 1024w, https:\/\/ecolozen.com\/fr\/wp-content\/uploads\/2023\/10\/ferme-le\u0301ge\u0300re-re\u0301servoir-deau-ge\u0301ant-300x225.jpg 300w, https:\/\/ecolozen.com\/fr\/wp-content\/uploads\/2023\/10\/ferme-le\u0301ge\u0300re-re\u0301servoir-deau-ge\u0301ant-768x576.jpg 768w, https:\/\/ecolozen.com\/fr\/wp-content\/uploads\/2023\/10\/ferme-le\u0301ge\u0300re-re\u0301servoir-deau-ge\u0301ant-1536x1152.jpg 1536w, https:\/\/ecolozen.com\/fr\/wp-content\/uploads\/2023\/10\/ferme-le\u0301ge\u0300re-re\u0301servoir-deau-ge\u0301ant-2048x1536.jpg 2048w, https:\/\/ecolozen.com\/fr\/wp-content\/uploads\/2023\/10\/ferme-le\u0301ge\u0300re-re\u0301servoir-deau-ge\u0301ant-1200x900.jpg 1200w\" sizes=\"(max-width: 709px) 85vw, (max-width: 909px) 67vw, (max-width: 1362px) 62vw, 840px\" \/><figcaption>Une r\u00e9serve d&rsquo;eau g\u00e9ante<\/figcaption><\/figure>\n\n\n\n<figure class=\"wp-block-image size-large\"><img loading=\"lazy\" width=\"1024\" height=\"768\" src=\"https:\/\/ecolozen.com\/fr\/wp-content\/uploads\/2023\/10\/ferme-le\u0301ge\u0300re-poulailler-sur-roues-1024x768.jpg\" alt=\"\" class=\"wp-image-2577\" srcset=\"https:\/\/ecolozen.com\/fr\/wp-content\/uploads\/2023\/10\/ferme-le\u0301ge\u0300re-poulailler-sur-roues-1024x768.jpg 1024w, https:\/\/ecolozen.com\/fr\/wp-content\/uploads\/2023\/10\/ferme-le\u0301ge\u0300re-poulailler-sur-roues-300x225.jpg 300w, https:\/\/ecolozen.com\/fr\/wp-content\/uploads\/2023\/10\/ferme-le\u0301ge\u0300re-poulailler-sur-roues-768x576.jpg 768w, https:\/\/ecolozen.com\/fr\/wp-content\/uploads\/2023\/10\/ferme-le\u0301ge\u0300re-poulailler-sur-roues-1536x1152.jpg 1536w, https:\/\/ecolozen.com\/fr\/wp-content\/uploads\/2023\/10\/ferme-le\u0301ge\u0300re-poulailler-sur-roues-2048x1536.jpg 2048w, https:\/\/ecolozen.com\/fr\/wp-content\/uploads\/2023\/10\/ferme-le\u0301ge\u0300re-poulailler-sur-roues-1200x900.jpg 1200w\" sizes=\"(max-width: 709px) 85vw, (max-width: 909px) 67vw, (max-width: 1362px) 62vw, 840px\" \/><figcaption>Un poulailler mobile<\/figcaption><\/figure>\n\n\n\n<figure class=\"wp-block-image size-large\"><img loading=\"lazy\" width=\"494\" height=\"1024\" src=\"https:\/\/ecolozen.com\/fr\/wp-content\/uploads\/2023\/10\/ferme-le\u0301ge\u0300re-re\u0301serves-de-conserves-2-494x1024.jpg\" alt=\"\" class=\"wp-image-2578\" srcset=\"https:\/\/ecolozen.com\/fr\/wp-content\/uploads\/2023\/10\/ferme-le\u0301ge\u0300re-re\u0301serves-de-conserves-2-494x1024.jpg 494w, https:\/\/ecolozen.com\/fr\/wp-content\/uploads\/2023\/10\/ferme-le\u0301ge\u0300re-re\u0301serves-de-conserves-2-145x300.jpg 145w, https:\/\/ecolozen.com\/fr\/wp-content\/uploads\/2023\/10\/ferme-le\u0301ge\u0300re-re\u0301serves-de-conserves-2-768x1592.jpg 768w, https:\/\/ecolozen.com\/fr\/wp-content\/uploads\/2023\/10\/ferme-le\u0301ge\u0300re-re\u0301serves-de-conserves-2-741x1536.jpg 741w, https:\/\/ecolozen.com\/fr\/wp-content\/uploads\/2023\/10\/ferme-le\u0301ge\u0300re-re\u0301serves-de-conserves-2-988x2048.jpg 988w, https:\/\/ecolozen.com\/fr\/wp-content\/uploads\/2023\/10\/ferme-le\u0301ge\u0300re-re\u0301serves-de-conserves-2-1200x2487.jpg 1200w, https:\/\/ecolozen.com\/fr\/wp-content\/uploads\/2023\/10\/ferme-le\u0301ge\u0300re-re\u0301serves-de-conserves-2-scaled.jpg 1235w\" sizes=\"(max-width: 494px) 85vw, 494px\" \/><figcaption>Des conserves maison (sauf un intrus)<\/figcaption><\/figure>\n\n\n\n<figure class=\"wp-block-image size-large\"><img loading=\"lazy\" width=\"1024\" height=\"512\" src=\"https:\/\/ecolozen.com\/fr\/wp-content\/uploads\/2023\/10\/ferme-le\u0301ge\u0300re-potager-1024x512.jpg\" alt=\"\" class=\"wp-image-2579\" srcset=\"https:\/\/ecolozen.com\/fr\/wp-content\/uploads\/2023\/10\/ferme-le\u0301ge\u0300re-potager-1024x512.jpg 1024w, https:\/\/ecolozen.com\/fr\/wp-content\/uploads\/2023\/10\/ferme-le\u0301ge\u0300re-potager-300x150.jpg 300w, https:\/\/ecolozen.com\/fr\/wp-content\/uploads\/2023\/10\/ferme-le\u0301ge\u0300re-potager-768x384.jpg 768w, https:\/\/ecolozen.com\/fr\/wp-content\/uploads\/2023\/10\/ferme-le\u0301ge\u0300re-potager-1536x768.jpg 1536w, https:\/\/ecolozen.com\/fr\/wp-content\/uploads\/2023\/10\/ferme-le\u0301ge\u0300re-potager-2048x1024.jpg 2048w, https:\/\/ecolozen.com\/fr\/wp-content\/uploads\/2023\/10\/ferme-le\u0301ge\u0300re-potager-1200x600.jpg 1200w\" sizes=\"(max-width: 709px) 85vw, (max-width: 909px) 67vw, (max-width: 1362px) 62vw, 840px\" \/><figcaption>Potager et un ch\u00e2teau d&rsquo;eau maison<\/figcaption><\/figure>\n\n\n\n<figure class=\"wp-block-image size-large\"><img loading=\"lazy\" width=\"1024\" height=\"768\" src=\"https:\/\/ecolozen.com\/fr\/wp-content\/uploads\/2023\/10\/ferme-le\u0301ge\u0300re-potager-02-1024x768.jpg\" alt=\"\" class=\"wp-image-2580\" srcset=\"https:\/\/ecolozen.com\/fr\/wp-content\/uploads\/2023\/10\/ferme-le\u0301ge\u0300re-potager-02-1024x768.jpg 1024w, https:\/\/ecolozen.com\/fr\/wp-content\/uploads\/2023\/10\/ferme-le\u0301ge\u0300re-potager-02-300x225.jpg 300w, https:\/\/ecolozen.com\/fr\/wp-content\/uploads\/2023\/10\/ferme-le\u0301ge\u0300re-potager-02-768x576.jpg 768w\" sizes=\"(max-width: 709px) 85vw, (max-width: 909px) 67vw, (max-width: 1362px) 62vw, 840px\" \/><figcaption>Un autre bout du potager (il y a aussi plusieurs serres que je n&rsquo;ai pas prises en photo)<\/figcaption><\/figure>\n\n\n\n<figure class=\"wp-block-image size-large\"><img loading=\"lazy\" width=\"1024\" height=\"651\" src=\"https:\/\/ecolozen.com\/fr\/wp-content\/uploads\/2023\/10\/ferme-le\u0301ge\u0300re-le\u0301gumes-e\u0301ponges-1024x651.jpg\" alt=\"\" class=\"wp-image-2586\" srcset=\"https:\/\/ecolozen.com\/fr\/wp-content\/uploads\/2023\/10\/ferme-le\u0301ge\u0300re-le\u0301gumes-e\u0301ponges-1024x651.jpg 1024w, https:\/\/ecolozen.com\/fr\/wp-content\/uploads\/2023\/10\/ferme-le\u0301ge\u0300re-le\u0301gumes-e\u0301ponges-300x191.jpg 300w, https:\/\/ecolozen.com\/fr\/wp-content\/uploads\/2023\/10\/ferme-le\u0301ge\u0300re-le\u0301gumes-e\u0301ponges-768x488.jpg 768w, https:\/\/ecolozen.com\/fr\/wp-content\/uploads\/2023\/10\/ferme-le\u0301ge\u0300re-le\u0301gumes-e\u0301ponges-1536x977.jpg 1536w, https:\/\/ecolozen.com\/fr\/wp-content\/uploads\/2023\/10\/ferme-le\u0301ge\u0300re-le\u0301gumes-e\u0301ponges-2048x1303.jpg 2048w, https:\/\/ecolozen.com\/fr\/wp-content\/uploads\/2023\/10\/ferme-le\u0301ge\u0300re-le\u0301gumes-e\u0301ponges-1200x763.jpg 1200w\" sizes=\"(max-width: 709px) 85vw, (max-width: 909px) 67vw, (max-width: 1362px) 62vw, 840px\" \/><figcaption>Des l\u00e9gumes (loofahs) qui servent d&rsquo;\u00e9ponge naturelle biod\u00e9gradable.<\/figcaption><\/figure>\n\n\n\n<figure class=\"wp-block-image size-large\"><img loading=\"lazy\" width=\"1024\" height=\"768\" src=\"https:\/\/ecolozen.com\/fr\/wp-content\/uploads\/2023\/10\/ferme-le\u0301ge\u0300re-frigo-enterre\u0301-1024x768.jpg\" alt=\"\" class=\"wp-image-2587\" srcset=\"https:\/\/ecolozen.com\/fr\/wp-content\/uploads\/2023\/10\/ferme-le\u0301ge\u0300re-frigo-enterre\u0301-1024x768.jpg 1024w, https:\/\/ecolozen.com\/fr\/wp-content\/uploads\/2023\/10\/ferme-le\u0301ge\u0300re-frigo-enterre\u0301-300x225.jpg 300w, https:\/\/ecolozen.com\/fr\/wp-content\/uploads\/2023\/10\/ferme-le\u0301ge\u0300re-frigo-enterre\u0301-768x576.jpg 768w, https:\/\/ecolozen.com\/fr\/wp-content\/uploads\/2023\/10\/ferme-le\u0301ge\u0300re-frigo-enterre\u0301-1536x1152.jpg 1536w, https:\/\/ecolozen.com\/fr\/wp-content\/uploads\/2023\/10\/ferme-le\u0301ge\u0300re-frigo-enterre\u0301-2048x1536.jpg 2048w, https:\/\/ecolozen.com\/fr\/wp-content\/uploads\/2023\/10\/ferme-le\u0301ge\u0300re-frigo-enterre\u0301-1200x900.jpg 1200w\" sizes=\"(max-width: 709px) 85vw, (max-width: 909px) 67vw, (max-width: 1362px) 62vw, 840px\" \/><figcaption>Un \u00ab\u00a0frigo\u00a0\u00bb enterr\u00e9<\/figcaption><\/figure>\n\n\n\n<figure class=\"wp-block-image size-large\"><img loading=\"lazy\" width=\"1024\" height=\"768\" src=\"https:\/\/ecolozen.com\/fr\/wp-content\/uploads\/2023\/10\/ferme-le\u0301ge\u0300re-four-a\u0300-pain-1024x768.jpg\" alt=\"\" class=\"wp-image-2588\" srcset=\"https:\/\/ecolozen.com\/fr\/wp-content\/uploads\/2023\/10\/ferme-le\u0301ge\u0300re-four-a\u0300-pain-1024x768.jpg 1024w, https:\/\/ecolozen.com\/fr\/wp-content\/uploads\/2023\/10\/ferme-le\u0301ge\u0300re-four-a\u0300-pain-300x225.jpg 300w, https:\/\/ecolozen.com\/fr\/wp-content\/uploads\/2023\/10\/ferme-le\u0301ge\u0300re-four-a\u0300-pain-768x576.jpg 768w, https:\/\/ecolozen.com\/fr\/wp-content\/uploads\/2023\/10\/ferme-le\u0301ge\u0300re-four-a\u0300-pain-1536x1152.jpg 1536w, https:\/\/ecolozen.com\/fr\/wp-content\/uploads\/2023\/10\/ferme-le\u0301ge\u0300re-four-a\u0300-pain-2048x1536.jpg 2048w, https:\/\/ecolozen.com\/fr\/wp-content\/uploads\/2023\/10\/ferme-le\u0301ge\u0300re-four-a\u0300-pain-1200x900.jpg 1200w\" sizes=\"(max-width: 709px) 85vw, (max-width: 909px) 67vw, (max-width: 1362px) 62vw, 840px\" \/><figcaption>Un four \u00e0 pain.<\/figcaption><\/figure>\n\n\n\n<figure class=\"wp-block-image size-large\"><img loading=\"lazy\" width=\"1024\" height=\"768\" src=\"https:\/\/ecolozen.com\/fr\/wp-content\/uploads\/2023\/10\/ferme-le\u0301ge\u0300re-boisinie\u0300res-1024x768.jpg\" alt=\"\" class=\"wp-image-2589\" srcset=\"https:\/\/ecolozen.com\/fr\/wp-content\/uploads\/2023\/10\/ferme-le\u0301ge\u0300re-boisinie\u0300res-1024x768.jpg 1024w, https:\/\/ecolozen.com\/fr\/wp-content\/uploads\/2023\/10\/ferme-le\u0301ge\u0300re-boisinie\u0300res-300x225.jpg 300w, https:\/\/ecolozen.com\/fr\/wp-content\/uploads\/2023\/10\/ferme-le\u0301ge\u0300re-boisinie\u0300res-768x576.jpg 768w, https:\/\/ecolozen.com\/fr\/wp-content\/uploads\/2023\/10\/ferme-le\u0301ge\u0300re-boisinie\u0300res-1536x1152.jpg 1536w, https:\/\/ecolozen.com\/fr\/wp-content\/uploads\/2023\/10\/ferme-le\u0301ge\u0300re-boisinie\u0300res-2048x1536.jpg 2048w, https:\/\/ecolozen.com\/fr\/wp-content\/uploads\/2023\/10\/ferme-le\u0301ge\u0300re-boisinie\u0300res-1200x900.jpg 1200w\" sizes=\"(max-width: 709px) 85vw, (max-width: 909px) 67vw, (max-width: 1362px) 62vw, 840px\" \/><figcaption>Des boisini\u00e8res servent pour la cuisson.<\/figcaption><\/figure>\n\n\n\n<figure class=\"wp-block-image size-large\"><img loading=\"lazy\" width=\"1024\" height=\"768\" src=\"https:\/\/ecolozen.com\/fr\/wp-content\/uploads\/2023\/10\/ferme-le\u0301ge\u0300re-plaques-solaires-1024x768.jpg\" alt=\"\" class=\"wp-image-2590\" srcset=\"https:\/\/ecolozen.com\/fr\/wp-content\/uploads\/2023\/10\/ferme-le\u0301ge\u0300re-plaques-solaires-1024x768.jpg 1024w, https:\/\/ecolozen.com\/fr\/wp-content\/uploads\/2023\/10\/ferme-le\u0301ge\u0300re-plaques-solaires-300x225.jpg 300w, https:\/\/ecolozen.com\/fr\/wp-content\/uploads\/2023\/10\/ferme-le\u0301ge\u0300re-plaques-solaires-768x576.jpg 768w, https:\/\/ecolozen.com\/fr\/wp-content\/uploads\/2023\/10\/ferme-le\u0301ge\u0300re-plaques-solaires-1536x1152.jpg 1536w, https:\/\/ecolozen.com\/fr\/wp-content\/uploads\/2023\/10\/ferme-le\u0301ge\u0300re-plaques-solaires-2048x1536.jpg 2048w, https:\/\/ecolozen.com\/fr\/wp-content\/uploads\/2023\/10\/ferme-le\u0301ge\u0300re-plaques-solaires-1200x900.jpg 1200w\" sizes=\"(max-width: 709px) 85vw, (max-width: 909px) 67vw, (max-width: 1362px) 62vw, 840px\" \/><figcaption>Des plaques photovolta\u00efques volontairement surdimensionn\u00e9es.<\/figcaption><\/figure>\n\n\n\n<figure class=\"wp-block-image size-large\"><img loading=\"lazy\" width=\"1024\" height=\"768\" src=\"https:\/\/ecolozen.com\/fr\/wp-content\/uploads\/2023\/10\/ferme-le\u0301ge\u0300re-chauffe-eau-solaires-1024x768.jpg\" alt=\"\" class=\"wp-image-2591\" srcset=\"https:\/\/ecolozen.com\/fr\/wp-content\/uploads\/2023\/10\/ferme-le\u0301ge\u0300re-chauffe-eau-solaires-1024x768.jpg 1024w, https:\/\/ecolozen.com\/fr\/wp-content\/uploads\/2023\/10\/ferme-le\u0301ge\u0300re-chauffe-eau-solaires-300x225.jpg 300w, https:\/\/ecolozen.com\/fr\/wp-content\/uploads\/2023\/10\/ferme-le\u0301ge\u0300re-chauffe-eau-solaires-768x576.jpg 768w, https:\/\/ecolozen.com\/fr\/wp-content\/uploads\/2023\/10\/ferme-le\u0301ge\u0300re-chauffe-eau-solaires-1536x1152.jpg 1536w, https:\/\/ecolozen.com\/fr\/wp-content\/uploads\/2023\/10\/ferme-le\u0301ge\u0300re-chauffe-eau-solaires-2048x1536.jpg 2048w, https:\/\/ecolozen.com\/fr\/wp-content\/uploads\/2023\/10\/ferme-le\u0301ge\u0300re-chauffe-eau-solaires-1200x900.jpg 1200w\" sizes=\"(max-width: 709px) 85vw, (max-width: 909px) 67vw, (max-width: 1362px) 62vw, 840px\" \/><figcaption>Les chauffes eau solaires g\u00e9n\u00e8rent une circulation par convection naturelle qui alimente un \u00e9norme ballon, qui lui-m\u00eame chauffe un serpentin \u00e0 la demande; ce qui permet d&rsquo;\u00e9viter les risques de salmonelle (car l&rsquo;eau est rarement \u00e0 70 \u00b0C).<\/figcaption><\/figure>\n\n\n\n<figure class=\"wp-block-image size-large\"><img loading=\"lazy\" width=\"1024\" height=\"512\" src=\"https:\/\/ecolozen.com\/fr\/wp-content\/uploads\/2023\/10\/ferme-le\u0301ge\u0300re-charge-des-batteries-1024x512.jpg\" alt=\"\" class=\"wp-image-2592\" srcset=\"https:\/\/ecolozen.com\/fr\/wp-content\/uploads\/2023\/10\/ferme-le\u0301ge\u0300re-charge-des-batteries-1024x512.jpg 1024w, https:\/\/ecolozen.com\/fr\/wp-content\/uploads\/2023\/10\/ferme-le\u0301ge\u0300re-charge-des-batteries-300x150.jpg 300w, https:\/\/ecolozen.com\/fr\/wp-content\/uploads\/2023\/10\/ferme-le\u0301ge\u0300re-charge-des-batteries-768x384.jpg 768w, https:\/\/ecolozen.com\/fr\/wp-content\/uploads\/2023\/10\/ferme-le\u0301ge\u0300re-charge-des-batteries-1536x768.jpg 1536w, https:\/\/ecolozen.com\/fr\/wp-content\/uploads\/2023\/10\/ferme-le\u0301ge\u0300re-charge-des-batteries-2048x1024.jpg 2048w, https:\/\/ecolozen.com\/fr\/wp-content\/uploads\/2023\/10\/ferme-le\u0301ge\u0300re-charge-des-batteries-1200x600.jpg 1200w\" sizes=\"(max-width: 709px) 85vw, (max-width: 909px) 67vw, (max-width: 1362px) 62vw, 840px\" \/><figcaption>La consommation \u00e9lectrique est tellement optimise que la charge est toujours entre 95 et 100%, ce qui devrait permettre une dur\u00e9e de vie des batteries pour au moins 20 ans.<\/figcaption><\/figure>\n\n\n\n<h2>Ce que je laisse<\/h2>\n\n\n\n<ul><li>(1) J&rsquo;admire leur performance, mais en date d&rsquo;aujourd&rsquo;hui (12 ao\u00fbt 2023), \u00eatre contraint par une telle d\u00e9croissance m&rsquo;oppresse. Je souhaite donc tendre vers cette d\u00e9croissance, mais en gardant un peu plus de confort, notamment&#8230;<ul><li>&#8230; L&rsquo;eau de boisson du matin est chauff\u00e9e la veille avec la cuisson du d\u00eener au feu de bois, puis stock\u00e9e dans des thermos stock\u00e9s eux-m\u00eames dans une cocotte norv\u00e9gienne. R\u00e9sultat ? De l&rsquo;eau ti\u00e8de et en quantit\u00e9 insuffisante pendant notre stage de \u00ab\u00a0r\u00e9sidence d\u00e9coiffante\u00a0\u00bb.<\/li><li>&#8230; Laver la vaisselle \u00e0 la main \u00e0 2 bacs, c&rsquo;est top. Sauf si l&rsquo;eau du 1er bac est tellement noire qu&rsquo;on salit l&rsquo;assiette en la lavant (idem pour les torchons que je ne pr\u00e9f\u00e9rais pas utiliser). Au passage, une p\u00e9pite : l\u00e9cher l&rsquo;assiette et son gras, c&rsquo;est \u00e9colo pour la p\u00e9do-\u00e9puration \ud83d\ude09<\/li><li>&#8230; Le dentifrice \u00ab\u00a0d\u00e9croissant\u00a0\u00bb qui est compatible avec la p\u00e9do\u00e9puration c&rsquo;est comme bouffer un morceau d&rsquo;argile. Je pr\u00e9f\u00e8re ne pas laver les dents&#8230;<\/li><li>&#8230; Et surtout, surtout : lors ma 2\u00e8me venue, j&rsquo;ai aid\u00e9 au potager avec plaisir car c&rsquo;\u00e9tait <em>ma d\u00e9cision<\/em> et que je rentrais chez moi apr\u00e8s, et que je restais <strong>libre<\/strong> de faire ou pas (j&rsquo;ai jou\u00e9 le jeu, \u00e9videmment !). Maintenant, imaginer un monde o\u00f9 nous serions <em>contraints<\/em> de ne faire que produire pour (sur)vivre (post-effondrement, c&rsquo;est possible que ce sc\u00e9nario arrive), \u00e7a m&rsquo;oppresse terriblement, d&rsquo;o\u00f9 une p\u00e9pite (voir paragraphe  suivant).<\/li><\/ul><\/li><li>Un collectif qui fait, plut\u00f4t que de tergiverser, c&rsquo;est tr\u00e8s bien. Qui pense, plut\u00f4t que de se laisser aller \u00e0 papillonner sans cesse, c&rsquo;est tr\u00e8s bien. Mais je n&rsquo;ai pas trop per\u00e7u de joie profonde du groupe, par exemple pendant les repas (les discussions), pas trop de sourires non plus, par exemple (alors que je me nourris aussi de connexions humaines chaleureuses). J&rsquo;ai envie de joie, de l\u00e9g\u00e8ret\u00e9 (c&rsquo;est la ferme l\u00e9g\u00e8re, diantre !), de rires, d&rsquo;humour, d&rsquo;un peu de l\u00e2cher prise dans ce monde pr\u00e9-apocalyptique. Quand je suis revenu la seconde fois, c&rsquo;\u00e9tait encore plus flagrant. Le groupe \u00e9tait \u00e0 la fois adorable, attentionn\u00e9, respectueux, et au fond, je savais qu&rsquo;il y avait de la joie et de l&rsquo;humour en elleux, mais l&rsquo;ambiance restait trop s\u00e9rieuse pour moi (et pourtant, je suis s\u00e9rieux !) au point d&rsquo;en para\u00eetre parfois un peu moribonde. Je suis triste d&rsquo;\u00e9crire ces lignes alors que je les aime beaucoup et que je connais leurs belles valeurs, mais c&rsquo;est aussi de \u00e7a que mon coeur se souvient. J&rsquo;\u00e9tais content de venir, mais j&rsquo;avais aussi h\u00e2te de repartir.<\/li><\/ul>\n\n\n\n<h2>Avec quoi je repars, mes p\u00e9pites<\/h2>\n\n\n\n<ul><li>En 2023, je souhaite plut\u00f4t <strong>trouver un entre-deux entre d\u00e9croissance radicale et consommation actuelle tout en m&rsquo;organisant au mieux pour le post-effondrement<\/strong>. Cela se traduit par consommer moins, produire plus moi-m\u00eame, optimiser les cycles de vie (notamment nutritifs), mais \u00e9galement, et sans attendre, pr\u00e9parer \u00e0 \u00eatre autonomes en \u00e9nergie, en eau, en aliments v\u00e9g\u00e9taux et animaux (hors c\u00e9r\u00e9ales qui restent une probl\u00e9matique \u00e0 part), investir dans du mat\u00e9riel durable qui ne sera plus produit post-effondrement.<\/li><li>Moi qui stresse souvent en pensant au futur, j&rsquo;ai d\u00e9cid\u00e9 de <strong>\u00ab\u00a0construire\u00a0\u00bb dans le pr\u00e9sent et dans la joie avant tout<\/strong>. Me pr\u00e9parer au futur, soit, mais surtout, me faire plaisir en faisant \u00ab\u00a0le bien\u00a0\u00bb (j&rsquo;en parle <a rel=\"noreferrer noopener\" href=\"\/fr\/ecolieu\/fondamentaux-raison-detre\/\" target=\"_blank\">dans mes fondamentaux<\/a>).<\/li><li>J&rsquo;aimerais \u00e0 terme me limiter \u00e0 la consommation d&rsquo;animaux que j&rsquo;ai sur mon \u00e9colieun (mais toujours pas devenir v\u00e9g\u00e9tarien).<\/li><li>Une fois encore, je valorise les comp\u00e9tence de chacun. Mon collectif id\u00e9al doit donc \u00eatre compos\u00e9 de membres de comp\u00e9tences compl\u00e9mentaires avec un\u00b7e r\u00e9f\u00e9rent\u00b7e pour chaque grand poste essentiel (mara\u00eechage, animaux, construction&#8230;)<\/li><\/ul>\n\n\n\n<p><\/p>\n\n\n\n<figure class=\"wp-block-image size-large\"><img loading=\"lazy\" width=\"1024\" height=\"768\" src=\"https:\/\/ecolozen.com\/fr\/wp-content\/uploads\/2023\/10\/ferme-le\u0301ge\u0300re-agneau-merlin-1024x768.jpg\" alt=\"\" class=\"wp-image-2584\" srcset=\"https:\/\/ecolozen.com\/fr\/wp-content\/uploads\/2023\/10\/ferme-le\u0301ge\u0300re-agneau-merlin-1024x768.jpg 1024w, https:\/\/ecolozen.com\/fr\/wp-content\/uploads\/2023\/10\/ferme-le\u0301ge\u0300re-agneau-merlin-300x225.jpg 300w, https:\/\/ecolozen.com\/fr\/wp-content\/uploads\/2023\/10\/ferme-le\u0301ge\u0300re-agneau-merlin-768x576.jpg 768w, https:\/\/ecolozen.com\/fr\/wp-content\/uploads\/2023\/10\/ferme-le\u0301ge\u0300re-agneau-merlin-1536x1152.jpg 1536w, https:\/\/ecolozen.com\/fr\/wp-content\/uploads\/2023\/10\/ferme-le\u0301ge\u0300re-agneau-merlin-2048x1536.jpg 2048w, https:\/\/ecolozen.com\/fr\/wp-content\/uploads\/2023\/10\/ferme-le\u0301ge\u0300re-agneau-merlin-1200x900.jpg 1200w\" sizes=\"(max-width: 709px) 85vw, (max-width: 909px) 67vw, (max-width: 1362px) 62vw, 840px\" \/><figcaption>Merlin a \u00e9t\u00e9 c\u00e2lin\u00e9 et n&rsquo;a pas souffert&#8230;<\/figcaption><\/figure>\n\n\n\n<p>Cet article a \u00e9t\u00e9 r\u00e9dig\u00e9 le 12 ao\u00fbt 2023.<\/p>\n","protected":false},"excerpt":{"rendered":"<p>La Ferme l\u00e9g\u00e8re est un \u00e9colieu d\u00e9croissant qui se pr\u00e9pare \u00e0 l&rsquo;effondrement de mani\u00e8re pragmatique et bienveillante. Elle a pour objectif de r\u00e9duire drastiquement son utilisation des ressources et y r\u00e9ussit par bien des aspects. Petit tour d&rsquo;horizon et fiche de synth\u00e8se de cet \u00e9colieu qui m&rsquo;a beaucoup inspir\u00e9.<\/p>\n","protected":false},"author":1,"featured_media":2572,"comment_status":"open","ping_status":"open","sticky":false,"template":"","format":"standard","meta":[],"categories":[6],"tags":[],"_links":{"self":[{"href":"https:\/\/ecolozen.com\/fr\/wp-json\/wp\/v2\/posts\/2339"}],"collection":[{"href":"https:\/\/ecolozen.com\/fr\/wp-json\/wp\/v2\/posts"}],"about":[{"href":"https:\/\/ecolozen.com\/fr\/wp-json\/wp\/v2\/types\/post"}],"author":[{"embeddable":true,"href":"https:\/\/ecolozen.com\/fr\/wp-json\/wp\/v2\/users\/1"}],"replies":[{"embeddable":true,"href":"https:\/\/ecolozen.com\/fr\/wp-json\/wp\/v2\/comments?post=2339"}],"version-history":[{"count":8,"href":"https:\/\/ecolozen.com\/fr\/wp-json\/wp\/v2\/posts\/2339\/revisions"}],"predecessor-version":[{"id":2593,"href":"https:\/\/ecolozen.com\/fr\/wp-json\/wp\/v2\/posts\/2339\/revisions\/2593"}],"wp:featuredmedia":[{"embeddable":true,"href":"https:\/\/ecolozen.com\/fr\/wp-json\/wp\/v2\/media\/2572"}],"wp:attachment":[{"href":"https:\/\/ecolozen.com\/fr\/wp-json\/wp\/v2\/media?parent=2339"}],"wp:term":[{"taxonomy":"category","embeddable":true,"href":"https:\/\/ecolozen.com\/fr\/wp-json\/wp\/v2\/categories?post=2339"},{"taxonomy":"post_tag","embeddable":true,"href":"https:\/\/ecolozen.com\/fr\/wp-json\/wp\/v2\/tags?post=2339"}],"curies":[{"name":"wp","href":"https:\/\/api.w.org\/{rel}","templated":true}]}}