{"id":2385,"date":"2023-08-14T20:49:25","date_gmt":"2023-08-14T18:49:25","guid":{"rendered":"https:\/\/ecolozen.com\/fr\/?p=2385"},"modified":"2023-10-26T12:05:25","modified_gmt":"2023-10-26T10:05:25","slug":"la-forge-du-vallon","status":"publish","type":"post","link":"https:\/\/ecolozen.com\/fr\/ecolieu\/la-forge-du-vallon\/","title":{"rendered":"La Forge du Vallon"},"content":{"rendered":"\n<p>La Forge du Vallon est un tiers-lieu culturel et artistique qui propose \u00e9galement un h\u00e9bergement de type chambre d&rsquo;h\u00f4tes. La fondatrice, Mirabelle, tient ce bel endroit et recherche \u00e0 cr\u00e9er un collectif.<\/p>\n\n\n\n<!--more-->\n\n\n\n<p><strong>Comment j&rsquo;ai connu <\/strong>la Forge du Vallon : j&rsquo;y suis all\u00e9 en couple en immersion en septembre 2022 dans le cadre de ma formation OASIS, puis je suis revenu seul 1 nuit en \u00ab\u00a0chambre d&rsquo;h\u00f4tes\u00a0\u00bb en mars 2023. Cela m&rsquo;a permis de voir deux ambiances et d&rsquo;affiner ma perception du lieu.<\/p>\n\n\n\n<table id=\"tablepress-non-avis-ecolieu\" class=\"tablepress tablepress-id-non-avis-ecolieu\">\n<tbody>\n<tr class=\"row-1\">\n\t<td class=\"column-1\"><strong>Rappel<\/strong> : cet article a pour vocation de lister ce que j'ai envie de retrouver dans mon futur \u00e9colieu id\u00e9al, ce que je veux \u00e9viter dans ce m\u00eame \u00e9co-lieu, et les apprentissages personnels qu'ils ont pu m'apporter. Ce n'est pas un \"avis utilisateur\"...<\/td>\n<\/tr>\n<\/tbody>\n<\/table>\n<!-- #tablepress-non-avis-ecolieu from cache -->\n\n\n\n<h2>Fiche technique<\/h2>\n\n\n\n<ul id=\"block-9a25b5da-1138-4b9b-a62b-9b8d259fd468\"><li>Lieu : <a rel=\"noreferrer noopener\" href=\"https:\/\/goo.gl\/maps\/GkZdMvusZdPLV9Kg9\" target=\"_blank\">La Forge du Vallon 8, la M\u00e9tairie 16420 Brigueuil<\/a><\/li><li>Date de cr\u00e9ation : entre 2018 et 2020<\/li><li>Nombre de r\u00e9sident\u00b7e\u00b7s : une personne fondatrice et des r\u00e9sident\u00b7e\u00b7s temporaires.<\/li><li>Collectif ou communaut\u00e9 ? Collectif annonc\u00e9 comme \u00ab\u00a0tiers lieu\u00a0\u00bb sur le site.<\/li><li>B\u00e2ti : 400 m2 pour 4 chambres en dur dans le b\u00e2timent principal pour loger jusqu&rsquo;\u00e0 14 personnes, plus deux habitats l\u00e9gers (roulottes dont une habit\u00e9e par la fondatrice); et 800 m2 de d\u00e9pendances (qui accueillera notamment une future salle de danse de 200 m2).<\/li><li>Surface du terrain : 1 ha 3 qui surplombe 18 ha de for\u00eat (communale)<\/li><li>Structure juridique principale : Soci\u00e9t\u00e9 coop\u00e9rative d&rsquo;int\u00e9r\u00eat collectif (SCIC) <\/li><li>Fondamentaux du collectif (par le prisme de ma propre perception) : le prendre soin des gens qui viennent sur le lieu.<\/li><li>Ouvert au public ? oui (chambre\/g\u00eetes)<\/li><li>Mod\u00e8le \u00e9conomique : chambre d&rsquo;h\u00f4tes\/g\u00eetes.<\/li><li>Plus d&rsquo;infos : <a rel=\"noreferrer noopener\" href=\"https:\/\/www.laforgeduvallon.fr\/\" target=\"_blank\">www.laforgeduvallon.fr<\/a><\/li><\/ul>\n\n\n\n<h2>Ce que je prends<\/h2>\n\n\n\n<ul><li>Des grandes chambres \u00ab\u00a0tout confort\u00a0\u00bb (lavabo, toilettes s\u00e8ches, espace qui pourrait accueillir un bureau. Manque juste plus de lumi\u00e8re naturelle dans les chambres pour le bureau). A chaque analyse d&rsquo;\u00e9colieu, je me fais la remarque que (toujours sous condition d&rsquo;isolation acoustique), une grande chambre pourrait me suffire dans un collectif.<\/li><li>Une (petite) cuisine semi-professionnelle, je suis toujours pour.<\/li><li>Une salle \u00e0 manger qui peut accueillir une douzaines de convives, tout en bois, chaleureuse, attenante \u00e0 la cuisine, me semble bien configur\u00e9e. D&rsquo;ailleurs, d&rsquo;une mani\u00e8re g\u00e9n\u00e9rale, la b\u00e2ti me semble bien distribu\u00e9 et bien dimensionn\u00e9 pour \u00e0 la fois avoir de la place, et \u00e0 la fois ne pas n\u00e9cessiter trop de travaux d&rsquo;entretien (par rapport \u00e0 d&rsquo;autres \u00e9colieux visit\u00e9s dont la maintenance est un tonneau des dana\u00efdes).<\/li><li>Une communication orient\u00e9e artistique et ouvert au public, \u00ab\u00a0compatible avec les gens du coin\u00a0\u00bb, de la part de Mirabelle, la fondatrice. Elle avait dit avoir mis l&rsquo;accent sur l&rsquo;aspect \u00ab\u00a0artistique\u00a0\u00bb de son lieu (dont une salle qu&rsquo;elle veut ouvrir au public pour de la danse, notamment) et non \u00ab\u00a0\u00e9colieu alternatif\u00a0\u00bb ce qui a \u00e9vit\u00e9 la m\u00e9fiance de certains locaux comme j&rsquo;ai pu l&rsquo;entendre dans d&rsquo;autres \u00e9colieux.<\/li><li>Mirabelle s&rsquo;est autoproclam\u00e9e \u00ab\u00a0la mamie chez qui on est bien\u00a0\u00bb. C&rsquo;est vrai que je me suis senti super bien accueilli, par ses attentions, son amour, sa douceur.<\/li><li>La r\u00e9gion est belle, plut\u00f4t \u00ab\u00a0m\u00e9connue\u00a0\u00bb donc accessible. La mairie semblait plut\u00f4t sympathique (mais comment ne pas \u00eatre sympathique avec Mirabelle ?).<\/li><li>L&rsquo;autorisation de faire pipi un peu partout dans le jardin. \u00d4 bonheur simple (et nourrissant l&rsquo;herbe !)<\/li><\/ul>\n\n\n\n<figure class=\"wp-block-image size-large\"><img loading=\"lazy\" width=\"1024\" height=\"768\" src=\"https:\/\/ecolozen.com\/fr\/wp-content\/uploads\/2023\/10\/ecolieu-La-Forge-du-Vallon-salle-de-spectacles-1024x768.jpg\" alt=\"\" class=\"wp-image-2519\" srcset=\"https:\/\/ecolozen.com\/fr\/wp-content\/uploads\/2023\/10\/ecolieu-La-Forge-du-Vallon-salle-de-spectacles-1024x768.jpg 1024w, https:\/\/ecolozen.com\/fr\/wp-content\/uploads\/2023\/10\/ecolieu-La-Forge-du-Vallon-salle-de-spectacles-300x225.jpg 300w, https:\/\/ecolozen.com\/fr\/wp-content\/uploads\/2023\/10\/ecolieu-La-Forge-du-Vallon-salle-de-spectacles-768x576.jpg 768w, https:\/\/ecolozen.com\/fr\/wp-content\/uploads\/2023\/10\/ecolieu-La-Forge-du-Vallon-salle-de-spectacles-1536x1152.jpg 1536w, https:\/\/ecolozen.com\/fr\/wp-content\/uploads\/2023\/10\/ecolieu-La-Forge-du-Vallon-salle-de-spectacles-2048x1536.jpg 2048w, https:\/\/ecolozen.com\/fr\/wp-content\/uploads\/2023\/10\/ecolieu-La-Forge-du-Vallon-salle-de-spectacles-1200x900.jpg 1200w\" sizes=\"(max-width: 709px) 85vw, (max-width: 909px) 67vw, (max-width: 1362px) 62vw, 840px\" \/><figcaption>La salle de spectacles, ouverte en 2023 !<\/figcaption><\/figure>\n\n\n\n<h2>Ce que je laisse&#8230;<\/h2>\n\n\n\n<ul><li>Le manque de \u00ab\u00a0yang\u00a0\u00bb dans la structure du stage (et peut-\u00eatre du quotidien des r\u00e9sident\u00b7e\u00b7s ?) : lors de l&rsquo;immersion \u00e0 la Forge du Vallon dans le cadre de la formation OASIS, le planning \u00e9tait \u00ab\u00a0tr\u00e8s cool\u00a0\u00bb, trop cool \u00e0 mon go\u00fbt. On avait le choix de faire ou ne pas faire, et finalement, \u00e7a manquait de yang, de rythme, de lead, de cadre, \u00e0 mon go\u00fbt, ce qui me d\u00e9motivait un peu => voir p\u00e9pite 1.<\/li><li>Une somme d&rsquo;individus aux d\u00e9sirs et limites diff\u00e9rents ne forme pas une dynamique de collectif : le premier jour de l&rsquo;immersion, chacun\u00b7e a dit ses limites par rapport au groupe, dans une r\u00e9union que j&rsquo;ai trouv\u00e9e particuli\u00e8rement longue et poussive. Cela a eu pour r\u00e9sultat une somme h\u00e9t\u00e9roclite de d\u00e9sirs et de limites qui a nuit \u00e0 l&rsquo;unit\u00e9 du groupe, et donc \u00e0 sa dynamique. Et \u00e7a a jou\u00e9 personnellement sur mon \u00e9nergie disponible pour le collectif, et donc dans mon implication => p\u00e9pite 2.<\/li><li>Mirabelle \u00e9tait un peu d\u00e9prim\u00e9e de ne pas r\u00e9ussir \u00e0 former le collectif depuis toutes ces ann\u00e9es. Elle a un collectif \u00ab\u00a0toute seule\u00a0\u00bb comme elle le dit. Une des raisons, a priori, c&rsquo;est qu&rsquo;elle a achet\u00e9 le bien seule&#8230; => p\u00e9pite 3.<\/li><li>Trop de prendre soin peut paradoxalement me g\u00eaner : \u00e0 table pendant le d\u00eener, on faisait tourner une pierre pour dire \u00ab\u00a0ses p\u00e9pites\u00a0\u00bb, puis \u00ab\u00a0ses cailloux\u00a0\u00bb de la journ\u00e9e. J&rsquo;imagine que ce n&rsquo;\u00e9tait pas obligatoire et que j&rsquo;aurais pu passer, mais je m&rsquo;y suis senti oblig\u00e9 et \u00e7a ne m&rsquo;a pas mis \u00e0 l&rsquo;aise de \u00ab\u00a0parler de force\u00a0\u00bb (je mets bien des guillemets !). En plus je trouve que c&rsquo;\u00e9tait au mauvais moment (pendant le repas). Quitte \u00e0 faire une sorte de m\u00e9t\u00e9o int\u00e9rieure, je la sacraliserais dans un espace et un temps donn\u00e9s.<\/li><li>A peu pr\u00e8s rien sur la r\u00e9silience (eau, \u00e9nergie, alimentation&#8230;) car ce n&rsquo;est pas le projet du lieu . M\u00eame les animaux sont l\u00e0 par amour pour eux, mais pas pour produire (poules, cochons, ch\u00e8vres).<\/li><\/ul>\n\n\n\n<h2>Avec quoi je repars, mes p\u00e9pites<\/h2>\n\n\n\n<ul><li>P\u00e9pite 1 :<strong> j&rsquo;ai besoin d&rsquo;une mission claire, avec des objectifs interm\u00e9diaires, si je veux donner le meilleur de moi au collectif<\/strong>. Trop de flou, trop de libert\u00e9, nuit \u00e0 mon \u00e9nergie dans la dynamique d&rsquo;un projet.<\/li><li>P\u00e9pite 2 : <strong>un collectif ne peut \u00e0 mon sens pas \u00eatre une somme de d\u00e9sirs et de limites individuels<\/strong>. Le collectif doit d\u00e9finir une raison d&rsquo;\u00eatre puissante et f\u00e9d\u00e9ratrice, puis les membres du collectif doivent voir en toute honn\u00eatet\u00e9, si oui ou non, ils et elles sont compatibles avec la raison d&rsquo;\u00eatre, et d\u00e9cider ainsi de rester, ou de partir.<\/li><li>P\u00e9pite 3 : <strong>acheter seul rend l&rsquo;ouverture au collectif, tr\u00e8s, tr\u00e8s difficile<\/strong>. L&rsquo;ADN du lieu est celui de Mirabelle. Les gens viennent, l&rsquo;appr\u00e9cient certainement (elle est adorable et au petits soins), mais repartent. Et cela r\u00e9sonne avec ce que j&rsquo;ai pu entendre \u00e0 la p\u00e9pini\u00e8re OASIS : il faut d&rsquo;abord cr\u00e9er le collectif, puis trouver le lieu, et non l&rsquo;inverse&#8230; A la fois&#8230;<\/li><li>P\u00e9pite 4 : &#8230;  <strong>je n&rsquo;exclus pas le mod\u00e8le \u00ab\u00a0\u00e9colieu-g\u00eete\u00a0\u00bb<\/strong> : j&rsquo;ach\u00e8terais seul, je fonderais un lieu, une \u00e9nergie, un ADN propre, et j&rsquo;inviterai qui veut \u00e0 participer (type woofing), \u00e0 \u00eatre log\u00e9 (type gite avec les valeurs d&rsquo;OASIS), et pourquoi pas \u00e0 vivre une partie de sa vie dans le lieu (logement moyenne dur\u00e9e comme mes colocs actuels). Ce n&rsquo;est a priori pas mon projet, mais je ne l&rsquo;exclus pas&#8230; D&rsquo;autant plus que je r\u00eave qu&rsquo;un tel mod\u00e8le ne puisse donner que des bonnes surprises : faire seul et ouvrir aux autres, c&rsquo;est ne rien esp\u00e9rer des autres, et donc a minima ne pas \u00eatre d\u00e9\u00e7u et au mieux, avec de bonnes surprises. <\/li><li>P\u00e9pite 5 : <strong>j&rsquo;ai besoin de contact physique et de c\u00e2lins.<\/strong> Une limite \u00e9voqu\u00e9e par une personne au d\u00e9but du stage a bloqu\u00e9 tout le groupe dans ses hugs et autres attentions tactiles alors que le groupe \u00e9tait habitu\u00e9 \u00e0 se faire des hugs\/c\u00e2lins pendant les stages et week-ends pr\u00e9c\u00e9dents. Seulement le dernier jour, \u00e7a s&rsquo;est d\u00e9bloqu\u00e9&#8230; 6 jours de perdus ! \u00c7a a cass\u00e9 chez moi une dynamique de lien et de coeur que j&rsquo;ai plut\u00f4t naturellement.<\/li><\/ul>\n\n\n\n<p>Cet article a \u00e9t\u00e9 \u00e9crit le 14\/08\/2023<\/p>\n","protected":false},"excerpt":{"rendered":"<p>La Forge du Vallon est un tiers-lieu culturel et artistique qui propose \u00e9galement un h\u00e9bergement de type chambre d&rsquo;h\u00f4tes. La fondatrice, Mirabelle, tient ce bel endroit et recherche \u00e0 cr\u00e9er un collectif.<\/p>\n","protected":false},"author":1,"featured_media":2517,"comment_status":"open","ping_status":"closed","sticky":false,"template":"","format":"standard","meta":[],"categories":[12],"tags":[],"_links":{"self":[{"href":"https:\/\/ecolozen.com\/fr\/wp-json\/wp\/v2\/posts\/2385"}],"collection":[{"href":"https:\/\/ecolozen.com\/fr\/wp-json\/wp\/v2\/posts"}],"about":[{"href":"https:\/\/ecolozen.com\/fr\/wp-json\/wp\/v2\/types\/post"}],"author":[{"embeddable":true,"href":"https:\/\/ecolozen.com\/fr\/wp-json\/wp\/v2\/users\/1"}],"replies":[{"embeddable":true,"href":"https:\/\/ecolozen.com\/fr\/wp-json\/wp\/v2\/comments?post=2385"}],"version-history":[{"count":5,"href":"https:\/\/ecolozen.com\/fr\/wp-json\/wp\/v2\/posts\/2385\/revisions"}],"predecessor-version":[{"id":2520,"href":"https:\/\/ecolozen.com\/fr\/wp-json\/wp\/v2\/posts\/2385\/revisions\/2520"}],"wp:featuredmedia":[{"embeddable":true,"href":"https:\/\/ecolozen.com\/fr\/wp-json\/wp\/v2\/media\/2517"}],"wp:attachment":[{"href":"https:\/\/ecolozen.com\/fr\/wp-json\/wp\/v2\/media?parent=2385"}],"wp:term":[{"taxonomy":"category","embeddable":true,"href":"https:\/\/ecolozen.com\/fr\/wp-json\/wp\/v2\/categories?post=2385"},{"taxonomy":"post_tag","embeddable":true,"href":"https:\/\/ecolozen.com\/fr\/wp-json\/wp\/v2\/tags?post=2385"}],"curies":[{"name":"wp","href":"https:\/\/api.w.org\/{rel}","templated":true}]}}