{"id":2399,"date":"2024-01-10T08:09:00","date_gmt":"2024-01-10T07:09:00","guid":{"rendered":"https:\/\/ecolozen.com\/fr\/?p=2399"},"modified":"2025-04-21T17:55:50","modified_gmt":"2025-04-21T15:55:50","slug":"oasis-des-chevrotins-chevreuse","status":"publish","type":"post","link":"https:\/\/ecolozen.com\/fr\/ecolieu\/oasis-des-chevrotins-chevreuse\/","title":{"rendered":"Oasis des Chevrotins (Chevreuse)"},"content":{"rendered":"\n<p>L&rsquo;Oasis des Chevrotins est un projet d&rsquo;\u00e9co-lieu qui s&rsquo;appuie sur trois piliers : un habitat partag\u00e9 d&rsquo;une dizaine de personnes, une activit\u00e9 d&rsquo;auto-production nourrici\u00e8re et une association qui propose des stages en petit groupe. Cet \u00e9co-lieu est situ\u00e9 \u00e0 la campagne tout en \u00e9tant proche de la ville de (Chevreuse \u00e0 10 mn, Paris en 45 mn), en plein parc naturel de la Vall\u00e9e de Chevreuse.<\/p>\n\n\n\n<!--more-->\n\n\n\n<p><strong>O\u00f9 en est le projet ?<\/strong> En date d&rsquo;aujourd&rsquo;hui (1er janvier 2025), le lieu que j&rsquo;avais rep\u00e9r\u00e9 en vall\u00e9e de Chevreuse n&rsquo;a finalement pas pu \u00eatre achet\u00e9. Cependant, l&rsquo;essence de mon projet (r\u00e9dig\u00e9 ci-dessous) demeure la m\u00eame, la diff\u00e9rence majeure \u00e9tant la localisation g\u00e9ographique (Perche, Orne, voire Mayenne&#8230;). La lecture de cet article vous donnera donc pas mal d&rsquo;infos sur le projet que je souhaite cr\u00e9er.<\/p>\n\n\n\n<h2>Raison d&rsquo;\u00eatre<\/h2>\n\n\n\n<p>L&rsquo;Oasis des Chevrotins est un lieu d&rsquo;<strong>exp\u00e9rimentation<\/strong> dont l&rsquo;objectif est d&rsquo;apprendre aujourd&rsquo;hui \u00e0 vivre la vie de <em>demain<\/em> : plus collective, plus autonome, plus \u00e9cologique. Ce lieu-tremplin entre ville et campagne permettra \u00e0 la fois \u00e0 ses habitant\u00b7e\u00b7s et aux personne qui y font un s\u00e9jour, de mettre en action ces apprentissages gr\u00e2ce aux moyens suivants :<\/p>\n\n\n\n<ol><li><strong>Vivre en collectif sous un m\u00eame toit <\/strong>(maison de 270 m2 avec 8 chambres)<\/li><li><strong>Auto-produire sur notre terre<\/strong> (2 ha de prairie qui ne demandent qu&rsquo;\u00e0 accueillir potager, verger et animaux nourriciers).<\/li><li><strong>R\u00e9duire notre empreinte carbone<\/strong> (notamment gr\u00e2ce \u00e0 une isolation de la maison, le changement de chauffage, la mutualisation&#8230;)<\/li><li><strong>D\u00e9velopper notre autonomie <\/strong>par l&rsquo;acquisition de savoir-faire techniques (r\u00e9novation du b\u00e2ti, cr\u00e9ation d&rsquo;un potager, d&rsquo;un verger, installation d&rsquo;animaux)<\/li><li><strong>Inspirer d&rsquo;autres personnes \u00e0 suivre ce m\u00eame mouvement<\/strong>, en montrant un exemple de vie alternative heureuse.<\/li><\/ol>\n\n\n\n<h2>L&rsquo;environnement<\/h2>\n\n\n\n<p>L&rsquo;Oasis des Chevrotins se trouve en plein parc naturel de la Vall\u00e9e de Chevreuse, \u00e0 seulement 45 mn de Paris (il y a un RER \u00e0 Saint-Remy-L\u00e8s-Chevreuse). <\/p>\n\n\n\n<p>L&rsquo;environnement associe de mani\u00e8re \u00e9quilibr\u00e9e la ville (le \u00ab\u00a0village\u00a0\u00bb de Chevreuse, Saint-Remy-l\u00e8s-Chevreuse, proximit\u00e9 de Paris), la for\u00eat (20 000 ha de parc naturel), et l&rsquo;agriculture (beaucoup de fermes productrices se trouvent autour du lieu).<\/p>\n\n\n\n<figure class=\"wp-block-image size-large\"><img loading=\"lazy\" width=\"1024\" height=\"683\" src=\"https:\/\/ecolozen.com\/fr\/wp-content\/uploads\/2023\/10\/oasis-chevrotins-vue-sur-le-PNC-1024x683.jpg\" alt=\"\" class=\"wp-image-2618\" srcset=\"https:\/\/ecolozen.com\/fr\/wp-content\/uploads\/2023\/10\/oasis-chevrotins-vue-sur-le-PNC-1024x683.jpg 1024w, https:\/\/ecolozen.com\/fr\/wp-content\/uploads\/2023\/10\/oasis-chevrotins-vue-sur-le-PNC-300x200.jpg 300w, https:\/\/ecolozen.com\/fr\/wp-content\/uploads\/2023\/10\/oasis-chevrotins-vue-sur-le-PNC-768x512.jpg 768w, https:\/\/ecolozen.com\/fr\/wp-content\/uploads\/2023\/10\/oasis-chevrotins-vue-sur-le-PNC-1536x1024.jpg 1536w, https:\/\/ecolozen.com\/fr\/wp-content\/uploads\/2023\/10\/oasis-chevrotins-vue-sur-le-PNC-2048x1365.jpg 2048w, https:\/\/ecolozen.com\/fr\/wp-content\/uploads\/2023\/10\/oasis-chevrotins-vue-sur-le-PNC-1200x800.jpg 1200w\" sizes=\"(max-width: 709px) 85vw, (max-width: 909px) 67vw, (max-width: 1362px) 62vw, 840px\" \/><\/figure>\n\n\n\n<p><\/p>\n\n\n\n<h2>Le lieu<\/h2>\n\n\n\n<p>Le domaine se trouve tout au bout d&rsquo;un petit hameau. La maison surplombe une prairie de 2 ha et 3 ha, entour\u00e9e d&rsquo;une for\u00eat prot\u00e9g\u00e9e, \u00e0 perte de vue. D&rsquo;une surface de de 270 m2, orient\u00e9e sud, la maison dispose de 8 chambres am\u00e9nageables dont une double, d&rsquo;un sous-sol total dont une salle polyvalente de 45 m2, d&rsquo;une v\u00e9randa de 30 m2 et d&rsquo;espaces communs au RDC (cuisine, salle \u00e0 manger, salon, bureau) d&rsquo;environ 90 m2.<\/p>\n\n\n\n<figure class=\"wp-block-image size-large\"><img loading=\"lazy\" width=\"1024\" height=\"316\" src=\"https:\/\/ecolozen.com\/fr\/wp-content\/uploads\/2024\/01\/oasis-chevrotins-vue-fene\u0302tre-2-1024x316.jpg\" alt=\"\" class=\"wp-image-2630\" srcset=\"https:\/\/ecolozen.com\/fr\/wp-content\/uploads\/2024\/01\/oasis-chevrotins-vue-fene\u0302tre-2-1024x316.jpg 1024w, https:\/\/ecolozen.com\/fr\/wp-content\/uploads\/2024\/01\/oasis-chevrotins-vue-fene\u0302tre-2-300x92.jpg 300w, https:\/\/ecolozen.com\/fr\/wp-content\/uploads\/2024\/01\/oasis-chevrotins-vue-fene\u0302tre-2-768x237.jpg 768w, https:\/\/ecolozen.com\/fr\/wp-content\/uploads\/2024\/01\/oasis-chevrotins-vue-fene\u0302tre-2-1536x473.jpg 1536w, https:\/\/ecolozen.com\/fr\/wp-content\/uploads\/2024\/01\/oasis-chevrotins-vue-fene\u0302tre-2-2048x631.jpg 2048w, https:\/\/ecolozen.com\/fr\/wp-content\/uploads\/2024\/01\/oasis-chevrotins-vue-fene\u0302tre-2-1200x370.jpg 1200w\" sizes=\"(max-width: 709px) 85vw, (max-width: 909px) 67vw, (max-width: 1362px) 62vw, 840px\" \/><\/figure>\n\n\n\n<h2>Transports<\/h2>\n\n\n\n<p>La maison se trouve \u00e0 proximit\u00e9 des transports :<\/p>\n\n\n\n<ul><li>A 3 km du centre ville de Chevreuse (10 mn en v\u00e9lo)<\/li><li>A 6 km du RER Saint-Remy les Chevreuse<\/li><li>A 35 km de Paris<\/li><\/ul>\n\n\n\n<h2>Les transformations pr\u00e9vues<\/h2>\n\n\n\n<p>Cette grande maison familiale ne demande qu&rsquo;\u00e0 \u00eatre transform\u00e9e pour lui insuffler l&rsquo;\u00e2me d&rsquo;un \u00e9co-lieu, sur les volets <strong>de l&rsquo;\u00e9cologie<\/strong>, de <strong>l&rsquo;autonomie<\/strong> et de <strong>l&rsquo;humain<\/strong>.<\/p>\n\n\n\n<p>Je propose notamment les changements suivants :<\/p>\n\n\n\n<h3>1. Transformation de la maison<\/h3>\n\n\n\n<ul><li>Isoler par l&rsquo;ext\u00e9rieur avec des mat\u00e9riaux \u00e9cologiques (par exemple chanvre ou paille), changer les fen\u00eatres pour passer le b\u00e2ti en classe \u00e9nerg\u00e9tique A.<\/li><li>Changer la chaudi\u00e8re au fioul, id\u00e9alement en po\u00eale de masse polyvalent (chauffage + eau chaude + cuisson) ou par une chaudi\u00e8re \u00e0 bois. Le chauffage au bois sera aliment\u00e9 localement en utilisant le bois mort de la for\u00eat.<\/li><li>Installer des plaques photovolta\u00efques sur la toiture sud et \/ou installer des chauffe-eau solaires au m\u00eame endroit.<\/li><\/ul>\n\n\n\n<h3>2. Transformation du jardin<\/h3>\n\n\n\n<ul><li>R\u00e9cup\u00e9rer massivement l&rsquo;eau de pluie.<\/li><li>Planter un verger d&rsquo;au moins 30 arbres fruitiers, arbustes et plantes comestibles.<\/li><li>Cr\u00e9er un potager qui peut suffire aux besoins du collectif en l\u00e9gumes.<\/li><li>Elever des poules pondeuses et peut-\u00eatre des animaux dans le pr\u00e9 (\u00e0 d\u00e9finir : ch\u00e8vres, moutons, petites vaches&#8230; ).<\/li><\/ul>\n\n\n\n<figure class=\"wp-block-image size-large\"><img loading=\"lazy\" width=\"1024\" height=\"683\" src=\"https:\/\/ecolozen.com\/fr\/wp-content\/uploads\/2023\/10\/oasis-chevrotins-vue-parc-1-1024x683.jpg\" alt=\"\" class=\"wp-image-2622\" srcset=\"https:\/\/ecolozen.com\/fr\/wp-content\/uploads\/2023\/10\/oasis-chevrotins-vue-parc-1-1024x683.jpg 1024w, https:\/\/ecolozen.com\/fr\/wp-content\/uploads\/2023\/10\/oasis-chevrotins-vue-parc-1-300x200.jpg 300w, https:\/\/ecolozen.com\/fr\/wp-content\/uploads\/2023\/10\/oasis-chevrotins-vue-parc-1-768x512.jpg 768w, https:\/\/ecolozen.com\/fr\/wp-content\/uploads\/2023\/10\/oasis-chevrotins-vue-parc-1-1536x1024.jpg 1536w, https:\/\/ecolozen.com\/fr\/wp-content\/uploads\/2023\/10\/oasis-chevrotins-vue-parc-1-2048x1365.jpg 2048w, https:\/\/ecolozen.com\/fr\/wp-content\/uploads\/2023\/10\/oasis-chevrotins-vue-parc-1-1200x800.jpg 1200w\" sizes=\"(max-width: 709px) 85vw, (max-width: 909px) 67vw, (max-width: 1362px) 62vw, 840px\" \/><\/figure>\n\n\n\n<h3>3. Transformation sur le plan humain<\/h3>\n\n\n\n<p>L&rsquo;Oasis des Chevrotins se veut ouvert \u00e0 l&rsquo;ext\u00e9rieur. J&rsquo;aimerais bien que nous puissions accueillir des stages en petit groupe, li\u00e9s au d\u00e9veloppement personnel, au bien-\u00eatre, \u00e0 la permaculture&#8230; pour contribuer ensemble \u00e0 la transformation des modes de vie&#8230;  La maison dispose d&rsquo;une belle pi\u00e8ce polyvalente de 45 m2 au sous-sol adapt\u00e9e \u00e0 ce type de stage. Projet associatif \u00e0 affiner ensemble !<\/p>\n\n\n\n<h2>Mes sensibilit\u00e9s et besoins personnels<\/h2>\n\n\n\n<p>J&rsquo;exprime ici une partie de mes sensibilit\u00e9s, besoins et limites. J&rsquo;invite d&rsquo;ailleurs les candidat\u00b7e\u00b7s voulant rejoindre le collectif \u00e0 faire ce m\u00eame travail.<\/p>\n\n\n\n<ul><li><strong>Organisation et rangement<\/strong> : j&rsquo;aime l&rsquo;id\u00e9e de communs co-organis\u00e9s de telle fa\u00e7on qu&rsquo;on peut toujours trouver ce qu&rsquo;on cherche donc je propose de suivre le pr\u00e9cepte \u00ab\u00a0une place pour chaque chose, et chaque chose \u00e0 sa place\u00a0\u00bb.<\/li><li><strong>Calme nocturne<\/strong> : mon profil hypersensible rend mes nuits potentiellement difficiles et j&rsquo;ai besoin de silence pass\u00e9 22h00&#8230; Donc id\u00e9alement mon collectif ne serait pas trop nocturne. M\u00eame si, dans les faits, il y a a moyen d&rsquo;avoir des activit\u00e9 le soir sans d\u00e9ranger les dormeur\u00b7euse\u00b7s des \u00e9tages gr\u00e2ce \u00e0 la grande salle polyvalente (45 m2) du sous-sol !<\/li><li><strong>Faire ensemble<\/strong><ul><li>En plus de co-vivre, je souhaiterais que le collectif soit impliqu\u00e9 sur des projets du lieu, m\u00eame \u00e0 temps partiel. Pour moi, deux cas principaux pourraient cohabiter :<ul><li>Certaines personnes, qui ont un travail ext\u00e9rieur \u00e0 temps plein, contribueront davantage sur le plan financier, et limiteront leur contribution aux projets du lieu, seulement une demi-journ\u00e9e par semaine le week-end, par exemple.<\/li><li>D&rsquo;autres personnes auront une activit\u00e9 ext\u00e9rieure \u00e0 temps partiel pour pouvoir d\u00e9gager au moins 2 \u00e0 3 jours par semaine sur les projets du lieu (notamment le potager, le verger, les animaux, les chantiers&#8230;).<\/li><li>A titre personnel, j&rsquo;envisage de d\u00e9dier l&rsquo;essentiel de mon temps aux projets du lieu.<\/li><\/ul><\/li><\/ul><ul><li>Je souhaiterais \u00e9galement que, de mani\u00e8re r\u00e9guli\u00e8re, un sous-groupe fasse la cuisine pour le collectif, \u00e0 tour de r\u00f4le. Ceci, dans les buts suivants :<ul><li>1. Gagner du temps en faisant moins souvent la cuisine.<\/li><li>2. R\u00e9duire l&rsquo;\u00e9nergie consomm\u00e9e en mutualisant la cuisson des repas.<\/li><li>3. D\u00e9couvrir et faire d\u00e9couvrir ses \u00ab\u00a0sp\u00e9cialit\u00e9s\u00a0\u00bb donc manger plus diversifi\u00e9.<\/li><li>4. Etre en joie de faire ensemble !<\/li><\/ul><\/li><\/ul><\/li><li><strong>Fluidit\u00e9 et engagement :<\/strong><ul><li>Je trouve essentiel que nous restions ensemble par d\u00e9sir profond, et non par obligation mat\u00e9rielle.<\/li><li>Par cons\u00e9quent&#8230;<ul><li>C\u00f4t\u00e9 d\u00e9sir : il me semble essentiel que chacun\u00b7e se sente avoir la place de s&rsquo;investir pleinement dans le projet, ce, quelque soit la dur\u00e9e du s\u00e9jour (1 mois, 1 an ou pour la vie&#8230;).<\/li><li>C\u00f4t\u00e9 libert\u00e9 : je pense qu&rsquo;il est important de mettre en place en amont des m\u00e9canismes permettant de quitter le collectif de mani\u00e8re la plus fluide possible, dans le cas o\u00f9 notre chemin de vie nous appelle ailleurs.<\/li><\/ul><\/li><\/ul><ul><li>J&rsquo;ai besoin d&rsquo;une forme d&rsquo;ind\u00e9pendance, notamment du fait que je vivrai toujours une semaine sur deux avec mon fils \u00e0 Clamart, \u00e0 30 mn de Chevreuse. Cela ne m&#8217;emp\u00eachera pas d&rsquo;\u00eatre pleinement engag\u00e9 et actif dans le projet (j&rsquo;ai choisi de travailler \u00e0 temps plein sur le lieu, c&rsquo;est mon projet de vie et \u00ab\u00a0professionnel\u00a0\u00bb actuel, et la semaine avec mon fils, je viendrai quasiment tous les jours \u00e0 Chevreuse).<\/li><\/ul><\/li><li><strong>Fluidit\u00e9 et communication <\/strong>: sous r\u00e9serve que je me sente en s\u00e9curit\u00e9 dans le groupe &#8211; condition indispensable dans un collectif ! &#8211; je suis sans filtre et j&rsquo;attends la m\u00eame chose des autres personnes du groupe. Je veux pouvoir montrer mon \u00e2me \u00e0 nu dans ma sensibilit\u00e9 et mon individualit\u00e9. Je suis pr\u00eat \u00e0 dire les choses avec une franchise douce et constructive, et \u00e0 \u00e9galement entendre les choses telles qu&rsquo;elles sont per\u00e7ues par les personnes du groupe. Je privil\u00e9gie une communication fluide et directe. J&rsquo;aimerais limiter au maximum l&rsquo;utilisation des outils de gestion de conflits sauf si r\u00e9el besoin (la formation OASIS regorge d&rsquo;outils et de m\u00e9thodes pour pouvoir g\u00e9rer les conflits de mani\u00e8re constructive).<\/li><\/ul>\n\n\n\n<h2>Rejoignez le projet !<\/h2>\n\n\n\n<p><strong>\u00cates-vous fait pour ce collectif, et vice versa<\/strong> ?<\/p>\n\n\n\n<p>Honn\u00eatement, hormis ce que j&rsquo;ai pos\u00e9 par \u00e9crit ici, je n&rsquo;ai pas de vision arr\u00eat\u00e9e sur le \u00ab\u00a0qui\u00a0\u00bb, notamment au niveau des foyers. Personnes seules, couples, familles avec enfants ? Je m&rsquo;en remets \u00e0 nos rencontres et discussions pour sentir ce qui est possible ou non, et co-cr\u00e9er le futur collectif.<\/p>\n\n\n\n<p><strong>Les talents appel\u00e9s&#8230;<\/strong><\/p>\n\n\n\n<p>M\u00eame si j&rsquo;aime apprendre \u00ab\u00a0sur le tas\u00a0\u00bb, j&rsquo;aimerais bien que des r\u00e9f\u00e9rent\u00b7e\u00b7s soient pr\u00e9sent\u00b7e\u00b7s dans le collectif (et je suis tr\u00e8s \u00e0 l&rsquo;aise avec une gestion par r\u00f4le tant dans les positions de suiveur que de leader). Ainsi, le collectif id\u00e9al regrouperait :<\/p>\n\n\n\n<ul><li>Une ou deux personnes r\u00e9f\u00e9rentes sur le mara\u00eechage, le verger (je suis heureux de participer tr\u00e8s activement \u00e0 la plantation d&rsquo;arbres fruitiers !).<\/li><li>Une ou deux personnes r\u00e9f\u00e9rentes sur l&rsquo;\u00e9levage des animaux (poules et autres. J&rsquo;ai d\u00e9j\u00e0 des poules et je me sens \u00e0 l&rsquo;aise d&rsquo;\u00eatre r\u00e9f\u00e9rent sur ce domaine).<\/li><li>Une ou deux personnes pour le b\u00e2ti, le bricolage&#8230; (on pourrait d&rsquo;ailleurs imaginer r\u00e9mun\u00e9rer ces personnes une \u00e0 deux ann\u00e9es si elles \u00e9taient du m\u00e9tier et travaillaient \u00e0 temps plein sur le projet de r\u00e9novation du b\u00e2ti).<\/li><\/ul>\n\n\n\n<figure class=\"wp-block-image size-large\"><img loading=\"lazy\" width=\"1024\" height=\"621\" src=\"https:\/\/ecolozen.com\/fr\/wp-content\/uploads\/2024\/01\/oasis-chevrotins-voisins-chevaux-1024x621.jpg\" alt=\"\" class=\"wp-image-2624\" srcset=\"https:\/\/ecolozen.com\/fr\/wp-content\/uploads\/2024\/01\/oasis-chevrotins-voisins-chevaux-1024x621.jpg 1024w, https:\/\/ecolozen.com\/fr\/wp-content\/uploads\/2024\/01\/oasis-chevrotins-voisins-chevaux-300x182.jpg 300w, https:\/\/ecolozen.com\/fr\/wp-content\/uploads\/2024\/01\/oasis-chevrotins-voisins-chevaux-768x466.jpg 768w, https:\/\/ecolozen.com\/fr\/wp-content\/uploads\/2024\/01\/oasis-chevrotins-voisins-chevaux-1200x728.jpg 1200w, https:\/\/ecolozen.com\/fr\/wp-content\/uploads\/2024\/01\/oasis-chevrotins-voisins-chevaux.jpg 1333w\" sizes=\"(max-width: 709px) 85vw, (max-width: 909px) 67vw, (max-width: 1362px) 62vw, 840px\" \/><figcaption>(Chevaux des voisins sur la prairie adjacente)<\/figcaption><\/figure>\n\n\n\n<p><\/p>\n\n\n\n<h2><strong>Financement<\/strong><\/h2>\n\n\n\n<p>Un des d\u00e9fauts d&rsquo;\u00eatre pr\u00e8s de Paris est le prix du foncier. Actuellement,<strong><span class=\"has-inline-color has-vivid-red-color\"> il manque 300 000 \u20ac au projet pour que l&rsquo;achat et les travaux puissent \u00eatre r\u00e9alis\u00e9s<\/span><\/strong>. Le projet aura lieu seulement si j&rsquo;arrive \u00e0 obtenir cette somme sous forme de pr\u00eats (Oasis, pr\u00eats participatifs&#8230;) et investissements de futurs habitant\u00b7e\u00b7s.<strong> <\/strong><\/p>\n\n\n\n<p><strong>Motiv\u00e9\u00b7e de participer \u00e0 ce projet ? Contactez-moi sur <a href=\"mailto:chevrotins@raynaud.net\">chevrotins@raynaud.net<\/a> pour en savoir plus sur le financement du projet.<\/strong><\/p>\n\n\n\n<p>Le bien immobilier sera achet\u00e9 sous forme de SCI ou de SAS coop\u00e9rative, en se basant sur les pr\u00e9conisations de la <a rel=\"noreferrer noopener\" href=\"https:\/\/cooperative-oasis.org\/\" target=\"_blank\">Coop\u00e9rative Oasis<\/a> avec laquelle je me suis form\u00e9 \u00e0 la cr\u00e9ation de collectif, et sur celles de l&rsquo;association <a href=\"https:\/\/www.les-pas-sages.org\/\">Les Pas Sages<\/a> (cette derni\u00e8re pr\u00e9conise une SAS coop\u00e9rative).<\/p>\n\n\n\n<ul><li>Dans le cadre d&rsquo;une SCI, deux formules pourraient \u00e0 mon sens cohabiter : certains membres du collectif qui investissent dans le projet et d&rsquo;autres qui sont purement locataires. Ce, afin de permettre aux personnes sans apport de faire partie du projet.<\/li><\/ul>\n\n\n\n<ul><li>Dans le cadre d&rsquo;une SAS coop\u00e9rative, selon les pr\u00e9conisations de l&rsquo;asso les Pas Sages, les membres du collectif peuvent verser une \u00ab\u00a0EMC\u00a0\u00bb (\u00c9pargne Mensuelle Compl\u00e9mentaire) qui permette aux personnes sans capital de verser un mix entre loyer, charges et \u00e9pargne au sein de la coop\u00e9rative et ainsi avoir \u00e0 terme un capital dans la structure. Apr\u00e8s avoir d\u00e9couvert ce mod\u00e8le, je pense qu&rsquo;il me parle davantage que le mod\u00e8le SCI. Je pr\u00e9vois de suivre la formation des Pas Sages pour d\u00e9cider du mod\u00e8le que je suivrai.<\/li><\/ul>\n\n\n\n<figure class=\"wp-block-image size-large is-style-default\"><img loading=\"lazy\" width=\"1024\" height=\"518\" src=\"https:\/\/ecolozen.com\/fr\/wp-content\/uploads\/2023\/10\/Oasis-Implique-rvb-1024x518.png\" alt=\"\" class=\"wp-image-2480\" srcset=\"https:\/\/ecolozen.com\/fr\/wp-content\/uploads\/2023\/10\/Oasis-Implique-rvb-1024x518.png 1024w, https:\/\/ecolozen.com\/fr\/wp-content\/uploads\/2023\/10\/Oasis-Implique-rvb-300x152.png 300w, https:\/\/ecolozen.com\/fr\/wp-content\/uploads\/2023\/10\/Oasis-Implique-rvb-768x389.png 768w, https:\/\/ecolozen.com\/fr\/wp-content\/uploads\/2023\/10\/Oasis-Implique-rvb-1200x607.png 1200w, https:\/\/ecolozen.com\/fr\/wp-content\/uploads\/2023\/10\/Oasis-Implique-rvb.png 1275w\" sizes=\"(max-width: 709px) 85vw, (max-width: 909px) 67vw, (max-width: 1362px) 62vw, 840px\" \/><\/figure>\n\n\n\n<p>Le projet est accompagn\u00e9 par la <a rel=\"noreferrer noopener\" href=\"https:\/\/cooperative-oasis.org\/\" target=\"_blank\">coop\u00e9rative Oasis<\/a> (pour conseiller sur les aspects juridiques, le montage, affiner la raison d&rsquo;\u00eatre et nous aider sur la construction de nos bases du vivre ensemble) et peut-\u00eatre que nous pourrons obtenir un pr\u00eat de leur part (je n&rsquo;ai pas compt\u00e9 le pr\u00eat Oasis dans notre besoin de 300 000 \u20ac).<\/p>\n\n\n\n<h2>Int\u00e9ress\u00e9\u00b7e ? Ecrivez-moi !<\/h2>\n\n\n\n<p>Ecrivez-moi \u00e0 l&rsquo;adresse suivante : <a href=\"mailto:chevrotins@raynaud.net\">chevrotins@raynaud.net<\/a> et d\u00eetes m&rsquo;en plus sur vous et vos motivations ! \ud83d\ude42<\/p>\n\n\n\n<figure class=\"wp-block-image size-large\"><img loading=\"lazy\" width=\"1024\" height=\"683\" src=\"https:\/\/ecolozen.com\/fr\/wp-content\/uploads\/2024\/01\/oasis-chevrotins-fore\u0302t-adjacente-1024x683.jpg\" alt=\"\" class=\"wp-image-2627\" srcset=\"https:\/\/ecolozen.com\/fr\/wp-content\/uploads\/2024\/01\/oasis-chevrotins-fore\u0302t-adjacente-1024x683.jpg 1024w, https:\/\/ecolozen.com\/fr\/wp-content\/uploads\/2024\/01\/oasis-chevrotins-fore\u0302t-adjacente-300x200.jpg 300w, https:\/\/ecolozen.com\/fr\/wp-content\/uploads\/2024\/01\/oasis-chevrotins-fore\u0302t-adjacente-768x512.jpg 768w, https:\/\/ecolozen.com\/fr\/wp-content\/uploads\/2024\/01\/oasis-chevrotins-fore\u0302t-adjacente-1536x1024.jpg 1536w, https:\/\/ecolozen.com\/fr\/wp-content\/uploads\/2024\/01\/oasis-chevrotins-fore\u0302t-adjacente-2048x1365.jpg 2048w, https:\/\/ecolozen.com\/fr\/wp-content\/uploads\/2024\/01\/oasis-chevrotins-fore\u0302t-adjacente-1200x800.jpg 1200w\" sizes=\"(max-width: 709px) 85vw, (max-width: 909px) 67vw, (max-width: 1362px) 62vw, 840px\" \/><\/figure>\n\n\n\n<p>(version mise \u00e0 jour le 1er janvier 2025)<\/p>\n","protected":false},"excerpt":{"rendered":"<p>L&rsquo;Oasis des Chevrotins est un projet d&rsquo;\u00e9co-lieu qui s&rsquo;appuie sur trois piliers : un habitat partag\u00e9 d&rsquo;une dizaine de personnes, une activit\u00e9 d&rsquo;auto-production nourrici\u00e8re et une association qui propose des stages en petit groupe. Cet \u00e9co-lieu est situ\u00e9 \u00e0 la campagne tout en \u00e9tant proche de la ville de (Chevreuse \u00e0 10 mn, Paris en &hellip; <a href=\"https:\/\/ecolozen.com\/fr\/ecolieu\/oasis-des-chevrotins-chevreuse\/\" class=\"more-link\">Continuer la lecture<span class=\"screen-reader-text\"> de &laquo;&nbsp;Oasis des Chevrotins (Chevreuse)&nbsp;&raquo;<\/span><\/a><\/p>\n","protected":false},"author":1,"featured_media":2615,"comment_status":"open","ping_status":"closed","sticky":false,"template":"","format":"standard","meta":[],"categories":[12],"tags":[],"_links":{"self":[{"href":"https:\/\/ecolozen.com\/fr\/wp-json\/wp\/v2\/posts\/2399"}],"collection":[{"href":"https:\/\/ecolozen.com\/fr\/wp-json\/wp\/v2\/posts"}],"about":[{"href":"https:\/\/ecolozen.com\/fr\/wp-json\/wp\/v2\/types\/post"}],"author":[{"embeddable":true,"href":"https:\/\/ecolozen.com\/fr\/wp-json\/wp\/v2\/users\/1"}],"replies":[{"embeddable":true,"href":"https:\/\/ecolozen.com\/fr\/wp-json\/wp\/v2\/comments?post=2399"}],"version-history":[{"count":55,"href":"https:\/\/ecolozen.com\/fr\/wp-json\/wp\/v2\/posts\/2399\/revisions"}],"predecessor-version":[{"id":2655,"href":"https:\/\/ecolozen.com\/fr\/wp-json\/wp\/v2\/posts\/2399\/revisions\/2655"}],"wp:featuredmedia":[{"embeddable":true,"href":"https:\/\/ecolozen.com\/fr\/wp-json\/wp\/v2\/media\/2615"}],"wp:attachment":[{"href":"https:\/\/ecolozen.com\/fr\/wp-json\/wp\/v2\/media?parent=2399"}],"wp:term":[{"taxonomy":"category","embeddable":true,"href":"https:\/\/ecolozen.com\/fr\/wp-json\/wp\/v2\/categories?post=2399"},{"taxonomy":"post_tag","embeddable":true,"href":"https:\/\/ecolozen.com\/fr\/wp-json\/wp\/v2\/tags?post=2399"}],"curies":[{"name":"wp","href":"https:\/\/api.w.org\/{rel}","templated":true}]}}