{"id":524,"date":"2017-10-26T07:45:39","date_gmt":"2017-10-26T05:45:39","guid":{"rendered":"https:\/\/ecolozen.com\/fr\/?p=524"},"modified":"2018-09-04T07:35:37","modified_gmt":"2018-09-04T05:35:37","slug":"rapprocher-son-bureau-des-fenetres","status":"publish","type":"post","link":"https:\/\/ecolozen.com\/fr\/astuces\/rapprocher-son-bureau-des-fenetres\/","title":{"rendered":"Comment r\u00e9duire de 66 kWh sa consommation \u00e9lectrique gr\u00e2ce \u00e0 la lumi\u00e8re du jour"},"content":{"rendered":"<p>La r\u00e9organisation de mes bureaux (\u00e0 la maison et au travail) m&rsquo;a permis, entre de nombreux autres bienfaits, d&rsquo;\u00e9conomiser beaucoup d&rsquo;\u00e9nergie. L&rsquo;une des sources d&rsquo;\u00e9conomies, \u00e9galement source de confort, a \u00e9t\u00e9 de privil\u00e9gier l&rsquo;\u00e9clairage naturel de mon velux pout\u00f4t que d&rsquo;utiliser des ampoules. Voici comment j&rsquo;ai proc\u00e9d\u00e9.<\/p>\n<p><!--more--><\/p>\n<h2>Pourquoi optimiser son espace de travail ?<\/h2>\n<p>J&rsquo;ai la chance de faire beaucoup de t\u00e9l\u00e9travail. Je passe donc facilement entre 6 et 8 heures par jour \u00e0 ce bureau. Hors, quand on est concentr\u00e9 sur son travail devant un \u00e9cran, on ne se rend souvent pas compte des conditions, et si elles sont, oui ou non, id\u00e9ales.<\/p>\n<p>Pendant des ann\u00e9es, j&rsquo;avais des petites lumi\u00e8res allum\u00e9es afin que le mur derri\u00e8re l&rsquo;\u00e9cran ne soit pas sombre. Un jour, je me suis pos\u00e9 et j&rsquo;ai r\u00e9fl\u00e9chi \u00e0 comment profiter au maximum de la lumi\u00e8re. Arm\u00e9 d&rsquo;un m\u00e8tre, j&rsquo;ai constat\u00e9 pouvoir placer mon bureau sous ma fen\u00eatre de toit, ce qui a honn\u00eatement chang\u00e9 ma vie :<\/p>\n<ul>\n<li><strong>Une \u00e9conomie \u00e9lectrique<\/strong> car il n&rsquo;y a plus de lumi\u00e8re artificielle toute la journ\u00e9e<\/li>\n<li>Une lumi\u00e8re naturelle intense <strong>bonne pour le moral<\/strong> <strong>et la concentration<\/strong><\/li>\n<li>Une <strong>luminosit\u00e9 suffisante pour ne pas ab\u00eemer les yeux<\/strong> y compris l&rsquo;hiver en fin de journ\u00e9e<\/li>\n<li>Par cons\u00e9quent, <strong>moins de fatigue oculaire<\/strong><\/li>\n<\/ul>\n<p><img loading=\"lazy\" class=\"aligncenter size-large wp-image-525\" src=\"https:\/\/ecolozen.com\/fr\/wp-content\/uploads\/2017\/10\/lumie\u0300re-de-toit-1024x703.jpg\" alt=\"\" width=\"840\" height=\"577\" srcset=\"https:\/\/ecolozen.com\/fr\/wp-content\/uploads\/2017\/10\/lumie\u0300re-de-toit-1024x703.jpg 1024w, https:\/\/ecolozen.com\/fr\/wp-content\/uploads\/2017\/10\/lumie\u0300re-de-toit-300x206.jpg 300w, https:\/\/ecolozen.com\/fr\/wp-content\/uploads\/2017\/10\/lumie\u0300re-de-toit-768x527.jpg 768w, https:\/\/ecolozen.com\/fr\/wp-content\/uploads\/2017\/10\/lumie\u0300re-de-toit-1200x823.jpg 1200w\" sizes=\"(max-width: 709px) 85vw, (max-width: 909px) 67vw, (max-width: 1362px) 62vw, 840px\" \/><\/p>\n<p>J&rsquo;ai pris la photo avec mon t\u00e9l\u00e9phone portable sans traitement, et la photo ne rend absolument pas justice \u00e0 la vraie luminosit\u00e9 de mon poste de travail : imaginez-vous assis-e sur le si\u00e8ge, la lumi\u00e8re est partout : elle vient de l&rsquo;ouverture et se r\u00e9fl\u00e9chit sur le bureau dont le bois est clair.<\/p>\n<p>Au bureau, idem, lors de notre installation dans les locaux, nous avons supprim\u00e9 des murs opaques et les avons remplac\u00e9s par des murs partiellement en verre, pour une meilleure circulation de la lumi\u00e8re et une meilleure convivialit\u00e9.<\/p>\n<p><img loading=\"lazy\" class=\"aligncenter size-large wp-image-553\" src=\"https:\/\/ecolozen.com\/fr\/wp-content\/uploads\/2017\/10\/Bureaux-avec-beaucoup-de-lumie\u0300re-1600px-1024x545.jpg\" alt=\"\" width=\"840\" height=\"447\" srcset=\"https:\/\/ecolozen.com\/fr\/wp-content\/uploads\/2017\/10\/Bureaux-avec-beaucoup-de-lumie\u0300re-1600px-1024x545.jpg 1024w, https:\/\/ecolozen.com\/fr\/wp-content\/uploads\/2017\/10\/Bureaux-avec-beaucoup-de-lumie\u0300re-1600px-300x160.jpg 300w, https:\/\/ecolozen.com\/fr\/wp-content\/uploads\/2017\/10\/Bureaux-avec-beaucoup-de-lumie\u0300re-1600px-768x409.jpg 768w, https:\/\/ecolozen.com\/fr\/wp-content\/uploads\/2017\/10\/Bureaux-avec-beaucoup-de-lumie\u0300re-1600px-1200x639.jpg 1200w, https:\/\/ecolozen.com\/fr\/wp-content\/uploads\/2017\/10\/Bureaux-avec-beaucoup-de-lumie\u0300re-1600px.jpg 1600w\" sizes=\"(max-width: 709px) 85vw, (max-width: 909px) 67vw, (max-width: 1362px) 62vw, 840px\" \/><\/p>\n<h2>Combien j&rsquo;ai \u00e9conomis\u00e9 ?<\/h2>\n<blockquote><p><strong>66 kWh par an d&rsquo;\u00e9conomis\u00e9s (\u00e0 la maison)<\/strong><\/p><\/blockquote>\n<p>Ce petit \u00ab\u00a0hack\u00a0\u00bb de mon bureau de maison m&rsquo;a permis d&rsquo;arr\u00eater d&rsquo;utiliser 4 lumi\u00e8res fluocompactes de 9W chacune soit 36 Wh. Pour 230 jours travaill\u00e9s 8 heures par jour on est \u00e0 66 kwh d&rsquo;\u00e9conomis\u00e9s par an, sans compter l&rsquo;usure des lampes \u00e0 changer et \u00e0 jeter.<\/p>\n<h2>C&rsquo;est \u00e0 vous !<\/h2>\n<p>N&rsquo;h\u00e9sitez pas \u00e0 partager les photos de vos bureaux et espaces de travail et de montrer comment vous les avez agenc\u00e9s pour une meilleure lumi\u00e8re. Si vous profitez de cet article pour changer la disposition, pourquoi ne pas faire et partager une photo avant \/ apr\u00e8s ?<\/p>\n<p>&nbsp;<\/p>\n<p>&nbsp;<\/p>\n","protected":false},"excerpt":{"rendered":"<p>La r\u00e9organisation de mes bureaux (\u00e0 la maison et au travail) m&rsquo;a permis, entre de nombreux autres bienfaits, d&rsquo;\u00e9conomiser beaucoup d&rsquo;\u00e9nergie. L&rsquo;une des sources d&rsquo;\u00e9conomies, \u00e9galement source de confort, a \u00e9t\u00e9 de privil\u00e9gier l&rsquo;\u00e9clairage naturel de mon velux pout\u00f4t que d&rsquo;utiliser des ampoules. Voici comment j&rsquo;ai proc\u00e9d\u00e9.<\/p>\n","protected":false},"author":1,"featured_media":526,"comment_status":"open","ping_status":"closed","sticky":false,"template":"","format":"standard","meta":[],"categories":[6],"tags":[],"_links":{"self":[{"href":"https:\/\/ecolozen.com\/fr\/wp-json\/wp\/v2\/posts\/524"}],"collection":[{"href":"https:\/\/ecolozen.com\/fr\/wp-json\/wp\/v2\/posts"}],"about":[{"href":"https:\/\/ecolozen.com\/fr\/wp-json\/wp\/v2\/types\/post"}],"author":[{"embeddable":true,"href":"https:\/\/ecolozen.com\/fr\/wp-json\/wp\/v2\/users\/1"}],"replies":[{"embeddable":true,"href":"https:\/\/ecolozen.com\/fr\/wp-json\/wp\/v2\/comments?post=524"}],"version-history":[{"count":7,"href":"https:\/\/ecolozen.com\/fr\/wp-json\/wp\/v2\/posts\/524\/revisions"}],"predecessor-version":[{"id":1749,"href":"https:\/\/ecolozen.com\/fr\/wp-json\/wp\/v2\/posts\/524\/revisions\/1749"}],"wp:featuredmedia":[{"embeddable":true,"href":"https:\/\/ecolozen.com\/fr\/wp-json\/wp\/v2\/media\/526"}],"wp:attachment":[{"href":"https:\/\/ecolozen.com\/fr\/wp-json\/wp\/v2\/media?parent=524"}],"wp:term":[{"taxonomy":"category","embeddable":true,"href":"https:\/\/ecolozen.com\/fr\/wp-json\/wp\/v2\/categories?post=524"},{"taxonomy":"post_tag","embeddable":true,"href":"https:\/\/ecolozen.com\/fr\/wp-json\/wp\/v2\/tags?post=524"}],"curies":[{"name":"wp","href":"https:\/\/api.w.org\/{rel}","templated":true}]}}